{"id":1377,"date":"2011-09-14T09:31:22","date_gmt":"2011-09-14T08:31:22","guid":{"rendered":"http:\/\/proyectos.elcomercio.es\/blogs\/campoyplayu\/?p=1377"},"modified":"2011-09-14T09:31:22","modified_gmt":"2011-09-14T08:31:22","slug":"la-foto-de-la-oposicion","status":"publish","type":"post","link":"https:\/\/blogs.elcomercio.es\/campoyplayu\/2011\/09\/14\/la-foto-de-la-oposicion\/","title":{"rendered":"La foto de la oposici\u00f3n"},"content":{"rendered":"<p><strong>Santiago Mart\u00ednez Arg\u00fcelles (PSOE), Pilar Fern\u00e1ndez Pardo (PP) y Jorge Espina (IU), enemigos \u00edntimos a\u00a0diario, salen hoy juntos en una fotograf\u00eda dando una rueda de prensa. No me viene a la memoria una imagen similar. Acaso la provocara, en tiempos pret\u00e9ritos, el secuestro y asesinato posterior de Miguel \u00c1ngel Blanco o el atentado de los Grapo en Gij\u00f3n que se cobr\u00f3 la vida de dos guardias civiles. No s\u00e9, dos ejemplos que me vienen a la mente para ilustrar la atipicidad del hecho. Con la que est\u00e1 cayendo, este singular tripartito habr\u00eda de tener un <!--more-->claro motivo: la econom\u00eda. En un acto de generosidad necesario, con el rabillo de ojo mirando a Grecia, uno, que a veces peca de iluso, se imagina a estos tres sujetos dando un cheque en blanco a la alcaldesa de Gij\u00f3n para acometer cuantos recortes juzgue convenientes, pues todos ser\u00e1n pocos; d\u00e1ndole ideas, prest\u00e1ndose a la colaboraci\u00f3n, haciendo pol\u00edtica con may\u00fasculas (que para eso les pagamos)&#8230; Niet, niet, niet.<\/strong><\/p>\n<p><strong>La rueda de prensa del tripartito ten\u00eda precisamente por objeto a la alcaldesa, pero no en el sentido mencionado, sino a la alcaldesa dibujada en el centro de una diana. A PSOE, a PP y a IU les molesta soberanamente que la alcaldesa opere gratis en su tiempo libre (ojo, una o dos veces al mes, a raz\u00f3n de 45 minutos por operaci\u00f3n)\u00a0y le exigieron explicaciones en sesi\u00f3n plenaria. Pero ella se\u00a0ha negado\u00a0a darlas. Entonces, presos de la ira, se unieron en su objetivo com\u00fan, atacarla, ajenos los tres al may\u00fasculo rid\u00edculo en que estaban cayendo en ese momento. Hace ocho a\u00f1os, cuando ambos eran candidatos, le dijo Rajoy a Zapatero: &#8220;C\u00f3mo vamos a marginarle a usted en la televisi\u00f3n, si cada vez que habla ganamos votos&#8221;. Aunque aquella broma le sali\u00f3 rana, a tenor de los resultados, puedo asegurar como gijon\u00e9s que cada vez que hablan Santiago, Pilar y Jorge sobre la primera edil de la ciudad, \u00e9sta gana votos, simpat\u00edas y apoyos. La oposici\u00f3n, fiel a su sino hispano, se dedica en exclusiva a descalificarlo todo, criticarlo todo, estropearlo todo. Y no queda sino retratada.<\/strong><\/p>\n<p><strong>La cr\u00edtica, en este caso, alcanza mayor absurdo cuando uno repasa trayectorias personales de los denunciantes, empe\u00f1ados en que la alcaldesa de Gij\u00f3n no puede tener la menor actividad vital fuera de su despacho y mucho menos donar los ingresos que genere a una ONG. Acab\u00e1ramos. La dedicaci\u00f3n exclusiv\u00edsima al Ayuntamiento de Gij\u00f3n es algo que a Pilip\u00e9 (\u00bfqu\u00e9 har\u00e1 ah\u00ed todav\u00eda esta mujer?) le debe sonar a chino. Ahora mismo es diputada nacional y antes fue senadora, adem\u00e1s de madre de dos hijos y espos\u00edsima. \u00bfTiene tiempo para todo? \u00bfPuede estar en Madrid y Gij\u00f3n a la vez?\u00a0Pese a la n\u00f3mina madrile\u00f1a, nunca renunci\u00f3 a las dietas municipales e incluso se la vio reclam\u00e1ndolas desairada. Esa es la dedicaci\u00f3n exclusiva de Pilip\u00e9 a los gijoneses. Para Santiago Mart\u00ednez Arg\u00fcelles la dedicaci\u00f3n exclusiva a la villa de Jovellanos como gran jefe de la oposici\u00f3n pasa por su flamante vuelta a la Universidad, donde ya est\u00e1 trabajando desde hace d\u00edas. \u00bfCu\u00e1nta parte de su vida dedicar\u00e1 entonces al Consistorio el gran jefe de la oposici\u00f3n? Y del \u00faltimo, Jorge Espina, habr\u00eda preguntarle primero por su antecesor, que manej\u00f3 600.000 euros en Cooperaci\u00f3n, de los que\u00a0la mitad est\u00e1\u00a0sin justificar; o por su edil actual Francisco Santianes, que pas\u00f3 los \u00faltimos cuatro a\u00f1os montado en coche oficial por mor de su gran tarea p\u00fablica. \u00bfY \u00e9l? Mucho ruido y pocas nueces. Pobre decisi\u00f3n la de buscarse\u00a0tama\u00f1os aliados; m\u00edrese primero lo que tiene en casa sr. Espina. C\u00f3mo les gusta salir en la foto, aunque sea para hacer el rid\u00edculo.<\/strong><\/p>\n<!-- AddThis Advanced Settings generic via filter on the_content --><!-- AddThis Share Buttons generic via filter on the_content -->","protected":false},"excerpt":{"rendered":"<p>Santiago Mart\u00ednez Arg\u00fcelles (PSOE), Pilar Fern\u00e1ndez Pardo (PP) y Jorge Espina (IU), enemigos \u00edntimos a\u00a0diario, salen hoy juntos en una fotograf\u00eda dando una rueda de prensa. No me viene a la memoria una imagen similar. Acaso la provocara, en tiempos pret\u00e9ritos, el secuestro y asesinato posterior de Miguel \u00c1ngel Blanco o el atentado de los [&hellip;]<!-- AddThis Advanced Settings generic via filter on get_the_excerpt --><!-- AddThis Share Buttons generic via filter on get_the_excerpt --><\/p>\n","protected":false},"author":41,"featured_media":0,"comment_status":"open","ping_status":"open","sticky":false,"template":"","format":"standard","meta":[],"categories":[12],"tags":[53,102,125,189],"_links":{"self":[{"href":"https:\/\/blogs.elcomercio.es\/campoyplayu\/wp-json\/wp\/v2\/posts\/1377"}],"collection":[{"href":"https:\/\/blogs.elcomercio.es\/campoyplayu\/wp-json\/wp\/v2\/posts"}],"about":[{"href":"https:\/\/blogs.elcomercio.es\/campoyplayu\/wp-json\/wp\/v2\/types\/post"}],"author":[{"embeddable":true,"href":"https:\/\/blogs.elcomercio.es\/campoyplayu\/wp-json\/wp\/v2\/users\/41"}],"replies":[{"embeddable":true,"href":"https:\/\/blogs.elcomercio.es\/campoyplayu\/wp-json\/wp\/v2\/comments?post=1377"}],"version-history":[{"count":0,"href":"https:\/\/blogs.elcomercio.es\/campoyplayu\/wp-json\/wp\/v2\/posts\/1377\/revisions"}],"wp:attachment":[{"href":"https:\/\/blogs.elcomercio.es\/campoyplayu\/wp-json\/wp\/v2\/media?parent=1377"}],"wp:term":[{"taxonomy":"category","embeddable":true,"href":"https:\/\/blogs.elcomercio.es\/campoyplayu\/wp-json\/wp\/v2\/categories?post=1377"},{"taxonomy":"post_tag","embeddable":true,"href":"https:\/\/blogs.elcomercio.es\/campoyplayu\/wp-json\/wp\/v2\/tags?post=1377"}],"curies":[{"name":"wp","href":"https:\/\/api.w.org\/{rel}","templated":true}]}}