{"id":1395,"date":"2011-09-16T09:52:03","date_gmt":"2011-09-16T08:52:03","guid":{"rendered":"http:\/\/proyectos.elcomercio.es\/blogs\/campoyplayu\/?p=1395"},"modified":"2011-09-16T09:52:03","modified_gmt":"2011-09-16T08:52:03","slug":"septiembre-en-san-lorenzo","status":"publish","type":"post","link":"https:\/\/blogs.elcomercio.es\/campoyplayu\/2011\/09\/16\/septiembre-en-san-lorenzo\/","title":{"rendered":"Septiembre en San Lorenzo"},"content":{"rendered":"<p><strong>Hoy est\u00e1 el d\u00eda trist\u00f3n. Trist\u00f3n de cojones. Pero ayer amaneci\u00f3 radiante. Cuando me dispon\u00eda a ir al prau a hacer la primera sidra dulce del a\u00f1o mir\u00e9 dos veces por la ventana y cambi\u00e9 de plan. La sidra para la tarde; San Lorenzo por la ma\u00f1ana. Hab\u00eda adem\u00e1s bajamar. As\u00ed que baj\u00e9 caminando hasta la playa y empec\u00e9 a pasear por la orilla. M\u00e1s de 20 grados, poca gente y sin Nordeste. Una aut\u00e9ntica gozada. En esas condiciones puedes arreglar el mundo en <!--more-->media hora. Todos los cortocircuitos del cerebro encuentran una v\u00eda de escape. De modo que a la tercera vuelta ves los problemas m\u00e1s peque\u00f1os y la playa m\u00e1s grande.<\/strong><\/p>\n<p><strong>El ba\u00f1o frente a la Escalerona fue \u00e9pico. Como cuando era peque\u00f1o. Las olas eran como grandes monta\u00f1as de agua y cuando me quise dar cuenta estaba jugando con ellas. En vanguardia del reba\u00f1o de ba\u00f1istas, esperabas como un guerrero la gran ola e intentabas cogerla justo antes de romper. Entonces te elevabas unos cuatro metros y volv\u00edas a bajar a su paso. Alguna te pillaba rota, tremenda y ah\u00ed s\u00f3lo quedaba el recurso de zambullirte bajo el agua. Junto a m\u00ed, a escasos metros, tambi\u00e9n jugaba a quien reconoc\u00ed como mi profesor de Filosof\u00eda en 2\u00ba de BUP. Ni recuerdo su nombre. Pero s\u00ed le guardo simpat\u00eda por haberme entretenido dando clase, algo muy dif\u00edcil para m\u00ed en aquella \u00e9poca tan z\u00e1ngana. S\u00f3crates, Plat\u00f3n, Arist\u00f3teles&#8230; Hablaba de los fil\u00f3sofos griegos con mucha claridad, tanta que ayer estuve tentado de felicitarle; pero no me decid\u00ed. Los dos pillando olas, uno al lado del otro, y de repente ponerse a hablar de filosof\u00eda en plena bah\u00eda gijonesa. No s\u00e9. No lo vi claro y segu\u00ed a lo m\u00edo.<\/strong><\/p>\n<p><strong>Al salir, fresco como una lechuga, me cruc\u00e9 con el concejal popular Eduardo Junquera, que se dispon\u00eda a darse un ba\u00f1o cuando el reloj de la Escalerona marcaba las12.45 de la ma\u00f1ana. \u00bfLe habr\u00e1 dado permiso Pilip\u00e9?, pens\u00e9. Porque igual echa m\u00e1s tiempo \u00e9l en la playa que la alcaldesa operando un c\u00e1ncer de pecho un d\u00eda al mes. Voy a las duchas y me llegan de nuevo a la altura del pecho, casi del ombligo. As\u00ed que me pongo en cuclillas para remojarme, en una postura bastante rid\u00edcula, pero pr\u00e1ctica. &#8220;Y luego dicen que no hay arena&#8221;, espeta un playu. Lo cierto es que tras publicar una foto EL COMERCIO en la que se denunciaba esta situaci\u00f3n al d\u00eda siguiente pas\u00f3 una excavadora y rebaj\u00f3 el nivel de arena bajo las duchas. Pero esa arena tan conflictiva \u00faltimamente recuper\u00f3 enseguida su posici\u00f3n. Pasear de nuevo por la orilla para secar resulta todav\u00eda m\u00e1s placentero. Septiembre en Gij\u00f3n es una garant\u00eda. Siempre est\u00e1 templado y la mar, en su punto. Despu\u00e9s de comer\u00a0lleg\u00f3 la tormenta para que no se nos olvide d\u00f3nde vivimos. Pero yo estaba ya en los quehaceres sidreros.<\/strong><\/p>\n<!-- AddThis Advanced Settings generic via filter on the_content --><!-- AddThis Share Buttons generic via filter on the_content -->","protected":false},"excerpt":{"rendered":"<p>Hoy est\u00e1 el d\u00eda trist\u00f3n. Trist\u00f3n de cojones. Pero ayer amaneci\u00f3 radiante. Cuando me dispon\u00eda a ir al prau a hacer la primera sidra dulce del a\u00f1o mir\u00e9 dos veces por la ventana y cambi\u00e9 de plan. La sidra para la tarde; San Lorenzo por la ma\u00f1ana. Hab\u00eda adem\u00e1s bajamar. As\u00ed que baj\u00e9 caminando hasta [&hellip;]<!-- AddThis Advanced Settings generic via filter on get_the_excerpt --><!-- AddThis Share Buttons generic via filter on get_the_excerpt --><\/p>\n","protected":false},"author":41,"featured_media":0,"comment_status":"open","ping_status":"open","sticky":false,"template":"","format":"standard","meta":[],"categories":[6],"tags":[],"_links":{"self":[{"href":"https:\/\/blogs.elcomercio.es\/campoyplayu\/wp-json\/wp\/v2\/posts\/1395"}],"collection":[{"href":"https:\/\/blogs.elcomercio.es\/campoyplayu\/wp-json\/wp\/v2\/posts"}],"about":[{"href":"https:\/\/blogs.elcomercio.es\/campoyplayu\/wp-json\/wp\/v2\/types\/post"}],"author":[{"embeddable":true,"href":"https:\/\/blogs.elcomercio.es\/campoyplayu\/wp-json\/wp\/v2\/users\/41"}],"replies":[{"embeddable":true,"href":"https:\/\/blogs.elcomercio.es\/campoyplayu\/wp-json\/wp\/v2\/comments?post=1395"}],"version-history":[{"count":0,"href":"https:\/\/blogs.elcomercio.es\/campoyplayu\/wp-json\/wp\/v2\/posts\/1395\/revisions"}],"wp:attachment":[{"href":"https:\/\/blogs.elcomercio.es\/campoyplayu\/wp-json\/wp\/v2\/media?parent=1395"}],"wp:term":[{"taxonomy":"category","embeddable":true,"href":"https:\/\/blogs.elcomercio.es\/campoyplayu\/wp-json\/wp\/v2\/categories?post=1395"},{"taxonomy":"post_tag","embeddable":true,"href":"https:\/\/blogs.elcomercio.es\/campoyplayu\/wp-json\/wp\/v2\/tags?post=1395"}],"curies":[{"name":"wp","href":"https:\/\/api.w.org\/{rel}","templated":true}]}}