{"id":3570,"date":"2013-01-02T11:08:04","date_gmt":"2013-01-02T10:08:04","guid":{"rendered":"http:\/\/blog.elcomercio.es\/campoyplayu\/?p=3570"},"modified":"2013-01-02T11:08:04","modified_gmt":"2013-01-02T10:08:04","slug":"nochevieja-en-el-convento","status":"publish","type":"post","link":"https:\/\/blogs.elcomercio.es\/campoyplayu\/2013\/01\/02\/nochevieja-en-el-convento\/","title":{"rendered":"Nochevieja en el convento"},"content":{"rendered":"<p><strong>Cuando sales del convento de las clarisas, en Villaviciosa, est\u00e1s lleno de paz. Tienes, incluso, un regusto de envidia de esa vida retirada donde no hay sitio para nada de lo que nos atosiga en el d\u00eda a d\u00eda: las facturas, las prisas, el curro, los encajes de bolillos de la Navidad&#8230; En las clarisas dedican el tiempo al rezo, la meditaci\u00f3n, el estudio y manualidades que generen ingresos para <!--more-->cuadrar la tambi\u00e9n delicada econom\u00eda eclesial.\u00a0Cuando sales del convento de las clarisas el d\u00eda de Nochevieja, a la una de la tarde, hora del almuerzo intramuros, tienes la sensaci\u00f3n de que un buen pu\u00f1ado de las cosas que nos rodean son superfluas\u00a0en grado m\u00e1ximo y de que, pese a la falta de vocaciones, apartado del mundanal ruido no se debe de vivir tan mal. Acabas de ver a tu t\u00eda pol\u00edtica, monja de clausura, un encanto de mujer que derrocha bienestar espiritual, afecto y sonrisas. Tiene sor una risa f\u00e1cil, celestial, un dominio absoluto de la actualidad y un enfoque de los asuntos absolutamente razonable y razonado. No le falta para cada tema un comentario o una apostilla que te deje meditabundo acerca de nuestra habitualmente equivocada percepci\u00f3n de lo que se cuece dentro de un convento.<\/strong><\/p>\n<p><strong><a href=\"\/campoyplayu\/wp-content\/uploads\/sites\/42\/2013\/01\/Foto0764.jpg\"><img loading=\"lazy\" class=\"alignleft size-medium wp-image-3573\" style=\"margin: 15px;border: black 15px solid\" src=\"\/campoyplayu\/wp-content\/uploads\/sites\/42\/2013\/01\/Foto0764.jpg\" alt=\"\" width=\"300\" height=\"225\" srcset=\"https:\/\/static-blogs.elcomercio.es\/wp-content\/uploads\/sites\/42\/2013\/01\/Foto0764.jpg 2048w, https:\/\/static-blogs.elcomercio.es\/wp-content\/uploads\/sites\/42\/2013\/01\/Foto0764-300x225.jpg 300w, https:\/\/static-blogs.elcomercio.es\/wp-content\/uploads\/sites\/42\/2013\/01\/Foto0764-768x576.jpg 768w, https:\/\/static-blogs.elcomercio.es\/wp-content\/uploads\/sites\/42\/2013\/01\/Foto0764-1024x768.jpg 1024w\" sizes=\"(max-width: 300px) 100vw, 300px\" \/><\/a>Cuando ingres\u00f3 en las clarisas mi t\u00eda pol\u00edtica lo hizo en la Universidad Laboral, donde ten\u00edan a su cargo la lavander\u00eda y la alimentaci\u00f3n de los internos, tela marinera. En aquel escenario, donde hoy habita la TPA, se produjo una imagen que siempre me ha &#8216;trastornado&#8217;: al poco de nacer la esposa, sus padres fueron al convento para ense\u00f1ar a la sobrina.\u00a0All\u00ed, en la Laboral,\u00a0deb\u00edan colocar al beb\u00e9 en el torno, \u00e9ste giraba y la futura esposa desaparec\u00eda como por arte de magia; quedaba en el lado de las monjas, que &#8216;adoraban al <a href=\"mailto:ni\u00f1@'\">ni\u00f1@&#8217;<\/a> un rato y luego hac\u00edan la operaci\u00f3n inversa. \u00bfY si se hubiera estropeado el torno con el beb\u00e9 a mitad de camino?, pensaba yo. <\/strong><\/p>\n<p><strong>En Villaviciosa sigue habiendo torno, pero las visitas pasan a una habitaci\u00f3n luminosa\u00a0partida por un amplio enrejado. En ella\u00a0cuenta nuestra querida monja c\u00f3mo le ha ido a las tres hermanas que hace pocos meses viajaron a Veracruz (M\u00e9xico) en busca de vocaciones, c\u00f3mo eran tratadas con veneraci\u00f3n por un pueblo creyente. &#8220;Aqu\u00ed nos llaman cucarachas por la calle, all\u00ed nos rogaban que entr\u00e1ramos a sus casas&#8221;, ilustra entre sonrisas. De M\u00e9xico se trajeron una nueva hermana, una nueva vocacion con la que intentar\u00e1n perpetuar la vida del convento, actualmente en obras por unos viejos problemas de carcoma. Como v\u00eda de ayuda para sufragarla, el convento vende estos d\u00edas unos calendarios de 2013 alegremente ilustrados por el pintor Gallinota y sufragados por una empresa maliaya. Los cinco euros que cuesta cada uno van \u00edntegros a la causa, as\u00ed que nos llevamos varios. <\/strong><\/p>\n<p><strong>Antes de marchar pregunto por la Nochevieja. \u00bfC\u00f3mo es la Nochevieja en el convento? Al ser el \u00faltimo d\u00eda de 2012, explica, es un d\u00eda de meditaci\u00f3n sobre el a\u00f1o que acaba, almuerzan a la una, cenan a las ocho y media y, en su caso, se reunir\u00e1 con el resto de las hermanas al filo de la medianoche para vivir juntas las campanadas. Despu\u00e9s quiz\u00e1s pongan una pel\u00edcula. Si hay una buena en la tele, bien. Si no, tienen algunas de v\u00eddeo, as\u00ed que podr\u00edan repetir cualquiera de ellas. Recuerda in extremis nuestra monja de clausura\u00a0que les han regalado &#8216;Lo que el viento se llev\u00f3&#8217;, con lo que tiene muchas papeletas para ser la elegida. Le advierto que entonces les pueden dar las uvas bien dadas. Entre bromas y buenos deseos, nos despedimos de tita-mercedes-la-monjita, como la llamaba mi mujer de peque\u00f1a. Por un momento, apetece darse la vuelta y peguntarle \u00bfadmiten paisanos? Pero miras a la esposa y decides sobre la marcha seguir, extramuros, en este mundanal ruido en el que hay tanto bien y tanto mal.<\/strong><\/p>\n<!-- AddThis Advanced Settings generic via filter on the_content --><!-- AddThis Share Buttons generic via filter on the_content -->","protected":false},"excerpt":{"rendered":"<p>Cuando sales del convento de las clarisas, en Villaviciosa, est\u00e1s lleno de paz. Tienes, incluso, un regusto de envidia de esa vida retirada donde no hay sitio para nada de lo que nos atosiga en el d\u00eda a d\u00eda: las facturas, las prisas, el curro, los encajes de bolillos de la Navidad&#8230; En las clarisas [&hellip;]<!-- AddThis Advanced Settings generic via filter on get_the_excerpt --><!-- AddThis Share Buttons generic via filter on get_the_excerpt --><\/p>\n","protected":false},"author":41,"featured_media":0,"comment_status":"open","ping_status":"open","sticky":false,"template":"","format":"standard","meta":[],"categories":[6],"tags":[],"_links":{"self":[{"href":"https:\/\/blogs.elcomercio.es\/campoyplayu\/wp-json\/wp\/v2\/posts\/3570"}],"collection":[{"href":"https:\/\/blogs.elcomercio.es\/campoyplayu\/wp-json\/wp\/v2\/posts"}],"about":[{"href":"https:\/\/blogs.elcomercio.es\/campoyplayu\/wp-json\/wp\/v2\/types\/post"}],"author":[{"embeddable":true,"href":"https:\/\/blogs.elcomercio.es\/campoyplayu\/wp-json\/wp\/v2\/users\/41"}],"replies":[{"embeddable":true,"href":"https:\/\/blogs.elcomercio.es\/campoyplayu\/wp-json\/wp\/v2\/comments?post=3570"}],"version-history":[{"count":0,"href":"https:\/\/blogs.elcomercio.es\/campoyplayu\/wp-json\/wp\/v2\/posts\/3570\/revisions"}],"wp:attachment":[{"href":"https:\/\/blogs.elcomercio.es\/campoyplayu\/wp-json\/wp\/v2\/media?parent=3570"}],"wp:term":[{"taxonomy":"category","embeddable":true,"href":"https:\/\/blogs.elcomercio.es\/campoyplayu\/wp-json\/wp\/v2\/categories?post=3570"},{"taxonomy":"post_tag","embeddable":true,"href":"https:\/\/blogs.elcomercio.es\/campoyplayu\/wp-json\/wp\/v2\/tags?post=3570"}],"curies":[{"name":"wp","href":"https:\/\/api.w.org\/{rel}","templated":true}]}}