{"id":3580,"date":"2013-01-08T09:31:13","date_gmt":"2013-01-08T08:31:13","guid":{"rendered":"http:\/\/blog.elcomercio.es\/campoyplayu\/?p=3580"},"modified":"2013-01-08T09:31:13","modified_gmt":"2013-01-08T08:31:13","slug":"enzo-ferrero","status":"publish","type":"post","link":"https:\/\/blogs.elcomercio.es\/campoyplayu\/2013\/01\/08\/enzo-ferrero\/","title":{"rendered":"Enzo Ferrero"},"content":{"rendered":"<p><strong>Cuando Enzo Ferrero fich\u00f3 por el Sporting en 1975 compart\u00eda con mi hermano mayor un carn\u00e9 del Sporting en la Tribunona que serv\u00eda para los dos cada domingo. Ten\u00edamos entonces 8 y 10 a\u00f1os. Nos apret\u00e1bamos con un solo pase para parecer un \u00fanico y avergonzado ser humano, mientras mi padre le hac\u00eda un comentario amable al portero y, en ocasiones, le colaba un puro en el bolsillo de su camisa. Eran otros tiempos. Los tres juntos, en <!--more-->pleno epicentro de la Tribuna Oeste, disfrutamos de Enzo y de aquel Sporting de ensue\u00f1o de la segunda mitad de los setenta compuesto por Castro; Redondo, Doria, Maceda, Cundi; Joaqu\u00edn, Ciriaco, Mesa; Mor\u00e1n, Quini y Ferrero. Un equipo, un equipazo, un dream team, que har\u00eda temblar al mism\u00edsimo Bar\u00e7a de 2013. En aquellos maravillosos a\u00f1os no \u00e9ramos conscientes, sin embargo, de la magnitud de lo que ve\u00edamos, de lo estratosf\u00e9rico que resultaba ver a aquel once (al que se sumar\u00eda Ur\u00eda, otro maquin\u00f3n) que gole\u00f3 en El Molin\u00f3n al Madrid, al Bar\u00e7a, al Bilbao, al Valencia&#8230;. Al que no se le pon\u00eda nadie por delante, m\u00e1s que Borr\u00e1s del Barrio y alg\u00fan que otro \u00e1rbitro m\u00e1s que hicieron imposible que en las vitrinas de Mareo luzcan hoy una o dos Ligas y una Copa del Rey.<\/strong><\/p>\n<p><strong>De aquel Sporting de mi infancia recuerdo especialmente las filigranas de Enzo Ferrero, sus regates de invenci\u00f3n propia y aquella chuler\u00eda suya de driblar dos veces al mismo defensa hasta dejarlo tirado en el suelo, antes de ir a por otro y a por otro y a por otro para finalmente marcarle un gol por la escuadra al mism\u00edsimo Barcelona. Tambi\u00e9n regateaban como los \u00e1ngeles Mesa, Mor\u00e1n y Ur\u00eda; y galopaba la banda Joaqu\u00edn; y ordenaba el juego Ciriaco; y mandaban en defensa Doria y Maceda; y marcaba goles de falta Cundi Facultades y todos los dem\u00e1s un tal Enrique Castro Quini. Aquello s\u00ed que era f\u00fatbol alegre y directo, pese a que nuestra afici\u00f3n de aqu\u00e9lla, ignorando a veces el privilegio del que estaba gozando, fuese especialmente fr\u00eda y silbase al equipo al menor error. Eso tambi\u00e9n lo recuerdo con especial perplejidad. Y me digo: Perd\u00f3nalos, se\u00f1or, porque no sab\u00edan lo que hac\u00edan.<\/strong><\/p>\n<p><strong>El domingo, en <a href=\"http:\/\/sporting.elcomercio.es\/noticias\/2013-01-07\/espectaculo-cumple-anos-20130107.html\" target=\"_blank\" rel=\"external nofollow\">EL COMERCIO,<\/a> se rese\u00f1\u00f3 el 60 cumplea\u00f1os de Enzo Ferrero, el mejor extremo del mundo en su momento, un diamante que hoy bien podr\u00eda costar 60 millones de euros, un chup\u00f3n que, tambi\u00e9n es cierto, sacaba a veces de quicio a mi padre por no pasar antes la pelota. La gloria local alcanzada por \u00e9l y por aquella plantilla no logr\u00f3 eco nacional o internacional por aquellos se\u00f1ores de negro tan merengones en aquellos tiempos. Pero quienes, ni\u00f1os o mayores, disfrutamos de ellos en los setenta y en los ochenta, somos hoy conscientes de haber vivido una especie de sue\u00f1o que debe de parecerse mucho al que siente ahora la afici\u00f3n del Barcelona. Aquella alineaci\u00f3n de leyenda bien se merecer\u00eda un homenaje p\u00fablico, un aplauso de la afici\u00f3n m\u00e1s largo a\u00fan que el cosechado recientemente por la memoria de Manolo Preciado, sin \u00e1nimo de establecer comparaciones, siempre odiosas, pues ellos elevaron el sportinguismo a los altares y a ellos y s\u00f3lo a ellos les debemos el haber disfrutado, unos pocos a\u00f1os de nuestra vida, de la mayor excelencia futbol\u00edstica que jam\u00e1s volveremos a ver en El Molin\u00f3n. Am\u00e9n.<\/strong><\/p>\n<!-- AddThis Advanced Settings generic via filter on the_content --><!-- AddThis Share Buttons generic via filter on the_content -->","protected":false},"excerpt":{"rendered":"<p>Cuando Enzo Ferrero fich\u00f3 por el Sporting en 1975 compart\u00eda con mi hermano mayor un carn\u00e9 del Sporting en la Tribunona que serv\u00eda para los dos cada domingo. Ten\u00edamos entonces 8 y 10 a\u00f1os. Nos apret\u00e1bamos con un solo pase para parecer un \u00fanico y avergonzado ser humano, mientras mi padre le hac\u00eda un comentario [&hellip;]<!-- AddThis Advanced Settings generic via filter on get_the_excerpt --><!-- AddThis Share Buttons generic via filter on get_the_excerpt --><\/p>\n","protected":false},"author":41,"featured_media":0,"comment_status":"open","ping_status":"open","sticky":false,"template":"","format":"standard","meta":[],"categories":[15],"tags":[],"_links":{"self":[{"href":"https:\/\/blogs.elcomercio.es\/campoyplayu\/wp-json\/wp\/v2\/posts\/3580"}],"collection":[{"href":"https:\/\/blogs.elcomercio.es\/campoyplayu\/wp-json\/wp\/v2\/posts"}],"about":[{"href":"https:\/\/blogs.elcomercio.es\/campoyplayu\/wp-json\/wp\/v2\/types\/post"}],"author":[{"embeddable":true,"href":"https:\/\/blogs.elcomercio.es\/campoyplayu\/wp-json\/wp\/v2\/users\/41"}],"replies":[{"embeddable":true,"href":"https:\/\/blogs.elcomercio.es\/campoyplayu\/wp-json\/wp\/v2\/comments?post=3580"}],"version-history":[{"count":0,"href":"https:\/\/blogs.elcomercio.es\/campoyplayu\/wp-json\/wp\/v2\/posts\/3580\/revisions"}],"wp:attachment":[{"href":"https:\/\/blogs.elcomercio.es\/campoyplayu\/wp-json\/wp\/v2\/media?parent=3580"}],"wp:term":[{"taxonomy":"category","embeddable":true,"href":"https:\/\/blogs.elcomercio.es\/campoyplayu\/wp-json\/wp\/v2\/categories?post=3580"},{"taxonomy":"post_tag","embeddable":true,"href":"https:\/\/blogs.elcomercio.es\/campoyplayu\/wp-json\/wp\/v2\/tags?post=3580"}],"curies":[{"name":"wp","href":"https:\/\/api.w.org\/{rel}","templated":true}]}}