{"id":3810,"date":"2013-02-18T09:58:14","date_gmt":"2013-02-18T08:58:14","guid":{"rendered":"http:\/\/blog.elcomercio.es\/campoyplayu\/?p=3810"},"modified":"2013-02-18T09:58:14","modified_gmt":"2013-02-18T08:58:14","slug":"miguel-angel-y-benedicto","status":"publish","type":"post","link":"https:\/\/blogs.elcomercio.es\/campoyplayu\/2013\/02\/18\/miguel-angel-y-benedicto\/","title":{"rendered":"El helic\u00f3ptero del Papa"},"content":{"rendered":"<p><strong>Cuando Miguel \u00c1ngel remataba &#8216;El juicio final&#8217; de\u00a0la Capilla Sixtina all\u00e1 por 1541 poco pod\u00eda imaginar que casi quinientos a\u00f1os despu\u00e9s un Papa iba a abandonar el Vaticano en helic\u00f3ptero. De aquella, los Papas duraban poco, algunos unos d\u00edas, un mes, un par de a\u00f1os; hasta tal punto que Miguel \u00c1ngel Buonarroti lleg\u00f3 a tratar con siete u ocho a lo largo de su vida. De aquella, como ahora en nuestro pa\u00eds y en el suyo, no hab\u00eda dimisiones. El Papa se atrincheraba en sus privilegios, daba fiestas, ten\u00eda amantes e hijos\u00a0y derrochaba en obras de arte; incluso iba a la guerra para defender sus prebendas. Muchos mor\u00edan de las farturas que se met\u00edan, de los excesos que comet\u00edan. Pero del cargo no se iba ni dios.<\/strong><\/p>\n<p><strong><!--more-->As\u00ed que si Miguel \u00c1ngel levantara la cabeza y alzara la vista hacia su maravillosa c\u00fapula de la catedral de San Pedro ver\u00eda el pr\u00f3ximo 28 de febrero de 2013 un singular aparato\u00a0pasar junto a ella\u00a0rumbo a Castel Gandolfo,\u00a0ocupado por\u00a0un Papa de 85 a\u00f1os en su asiento trasero con la carta de dimisi\u00f3n guardada en la sotana y unas terribles ganas de folgar de aqu\u00ed a la eternidad. Ese Benedicto XVI que fue soldado nazi en su m\u00e1s tierna juventud, curiosidades de la historia, y que coincidi\u00f3 en un campo de prisioneros con G\u00fcnter Grass, remachar\u00e1 su biograf\u00eda con el ins\u00f3lito hecho de ser el primero en abandonar el trono de la Iglesia en 600 a\u00f1os. Algo que pondr\u00eda los ojos como platos a nuestro Miguel \u00c1ngel resucitado.<\/strong><\/p>\n<p><strong>Pero si a ese Miguel \u00c1ngel resucitado se le acercase un Leonardo resucitado el efecto ser\u00eda diferente. Leonardo extender\u00eda el brazo sobre el hombro del pintor, escultor y arquitecto florentino, le apretar\u00eda contra s\u00ed como un padre, haciendo\u00a0gala de su mayor edad y corpulencia, y mirar\u00eda al cielo, al helic\u00f3ptero del Papa, con un satisfecho: &#8220;Ya lo dec\u00eda yo&#8221;. Habituado a pegarse trompazos de todo tipo con sus ingenios voladores, Leonardo da Vinci ver\u00eda en ese aparato con forma de\u00a0lib\u00e9lula la culminaci\u00f3n de sus bocetos, de sus alas de \u00e1guila real, de sus inveros\u00edmiles alerones con los que rod\u00f3 por la campi\u00f1a de la Toscana unas cuantas veces. &#8220;\u00a1Vuelve!&#8221;, gritar\u00eda. &#8220;\u00a1Vuelveeeeeee!&#8221;.<\/strong><\/p>\n<p><strong>Y entonces tendr\u00eda lugar el milagro. El Papa pide al piloto que regrese al divisar con sus prism\u00e1ticos a los extempor\u00e1neos personajes renacentistas. Aterrizan de nuevo en el Vaticano, a sus pies. Ratzinger sale a la aeronave de blanco inmaculado, rodea a Leonardo y Miguel \u00c1ngel, los acaricia lentamente, los bendice, mira al cielo buscando al autor de semejante aparici\u00f3n y no puede evitar, finalmente, lanzar una oferta de trabajo a ambos en riguroso lat\u00edn -\u00bfvoluistis pringere pro me? (\u00bfpintar\u00edais para m\u00ed?)-, mientras arruga la carta de dimisi\u00f3n que oculta en su sotana. Los artistas se miran, sin dar cr\u00e9dito a lo que est\u00e1n oyendo, pegan tres r\u00e1pidos brincos y se suben al helic\u00f3ptero. Cuando Benedicto XVI y su piloto giran la vista hacia ellos, Leonardo ya est\u00e1 a los mandos. El Papa extiende los brazos, les pide que regresen, pero es tarde. El aparato despega. Sus dos ocupantes saludan risue\u00f1os al santo padre y se van. \u00bfA d\u00f3nde? Hay mucho arte en Italia que todav\u00eda no han podido ver bien.<\/strong><\/p>\n<!-- AddThis Advanced Settings generic via filter on the_content --><!-- AddThis Share Buttons generic via filter on the_content -->","protected":false},"excerpt":{"rendered":"<p>Cuando Miguel \u00c1ngel remataba &#8216;El juicio final&#8217; de\u00a0la Capilla Sixtina all\u00e1 por 1541 poco pod\u00eda imaginar que casi quinientos a\u00f1os despu\u00e9s un Papa iba a abandonar el Vaticano en helic\u00f3ptero. De aquella, los Papas duraban poco, algunos unos d\u00edas, un mes, un par de a\u00f1os; hasta tal punto que Miguel \u00c1ngel Buonarroti lleg\u00f3 a tratar [&hellip;]<!-- AddThis Advanced Settings generic via filter on get_the_excerpt --><!-- AddThis Share Buttons generic via filter on get_the_excerpt --><\/p>\n","protected":false},"author":41,"featured_media":0,"comment_status":"open","ping_status":"open","sticky":false,"template":"","format":"standard","meta":[],"categories":[2],"tags":[],"_links":{"self":[{"href":"https:\/\/blogs.elcomercio.es\/campoyplayu\/wp-json\/wp\/v2\/posts\/3810"}],"collection":[{"href":"https:\/\/blogs.elcomercio.es\/campoyplayu\/wp-json\/wp\/v2\/posts"}],"about":[{"href":"https:\/\/blogs.elcomercio.es\/campoyplayu\/wp-json\/wp\/v2\/types\/post"}],"author":[{"embeddable":true,"href":"https:\/\/blogs.elcomercio.es\/campoyplayu\/wp-json\/wp\/v2\/users\/41"}],"replies":[{"embeddable":true,"href":"https:\/\/blogs.elcomercio.es\/campoyplayu\/wp-json\/wp\/v2\/comments?post=3810"}],"version-history":[{"count":0,"href":"https:\/\/blogs.elcomercio.es\/campoyplayu\/wp-json\/wp\/v2\/posts\/3810\/revisions"}],"wp:attachment":[{"href":"https:\/\/blogs.elcomercio.es\/campoyplayu\/wp-json\/wp\/v2\/media?parent=3810"}],"wp:term":[{"taxonomy":"category","embeddable":true,"href":"https:\/\/blogs.elcomercio.es\/campoyplayu\/wp-json\/wp\/v2\/categories?post=3810"},{"taxonomy":"post_tag","embeddable":true,"href":"https:\/\/blogs.elcomercio.es\/campoyplayu\/wp-json\/wp\/v2\/tags?post=3810"}],"curies":[{"name":"wp","href":"https:\/\/api.w.org\/{rel}","templated":true}]}}