{"id":9281,"date":"2013-02-12T11:31:49","date_gmt":"2013-02-12T10:31:49","guid":{"rendered":"http:\/\/blog.elcomercio.es\/campoyplayu\/?p=3783"},"modified":"2013-02-12T11:31:49","modified_gmt":"2013-02-12T10:31:49","slug":"el-cigala-es-un-fiera","status":"publish","type":"post","link":"https:\/\/blogs.elcomercio.es\/campoyplayu\/2013\/02\/12\/el-cigala-es-un-fiera\/","title":{"rendered":"El Cigala es un fiera"},"content":{"rendered":"<p><strong>Lo primero que te viene a la mente al irrumpir Diego El Cigala en el escenario del Niemeyer son las galopadas de Manolo Mesa por la banda de El Molin\u00f3n. El Cigala es m\u00e1s espigado y tambi\u00e9n m\u00e1s elegante, con su traje negro y su camisa blanca, pero su melena y su barba te recuerdan a nuestro Quillo, al <!--more-->Chico de la Mochila, como llam\u00e1bamos a Mesa por ese encorvamiento t\u00edpico de sus cabalgadas que le hac\u00eda parecer un tanto chepu, aunque fuera una aut\u00e9ntica maquinona. El Cigala se pone a cantar. Al cabo de un par de temas, saluda, dice esos lugares comunes de lo encantado que est\u00e1 de tocar en Avil\u00e9s y remacha: &#8220;A ver c\u00f3mo zale&#8221;. <\/strong><\/p>\n<p><strong><a href=\"\/campoyplayu\/wp-content\/uploads\/sites\/42\/2013\/02\/images10.jpg\"><img loading=\"lazy\" class=\"alignleft size-thumbnail wp-image-3790\" style=\"margin: 15px\" src=\"\/campoyplayu\/wp-content\/uploads\/sites\/42\/2013\/02\/images10.jpg\" alt=\"\" width=\"150\" height=\"150\" \/><\/a>\u00bfY c\u00f3mo zali\u00f3? Pues de puta madre. El Cigala era un plan de choque para un viernes lluvioso en Gij\u00f3n, una salida a lo desconocido que result\u00f3 todo un reencuentro con el flamenco. Timbre espectacular. Temas pegadizos. Maestr\u00eda en la forma de matar las canciones. Y acompa\u00f1amiento de lujo al contrabajo, los timbales\u00a0y el piano. Conciertazo rematado con una versi\u00f3n\u00a0para quitar el hipo: las dos gardenias de Mach\u00edn elevadas a los altares del latinjazz durante diez maravillosos minutos. As\u00ed remach\u00f3 su concierto Diego Ram\u00f3n Jim\u00e9nez Salazar, ese lustroso Cigala nacido y crecido en el rastro madrile\u00f1o\u00a0a quien una espont\u00e1nea le grit\u00f3 a mitad del espect\u00e1culo\u00a0&#8220;\u00a1eres un fiera!&#8221;, a lo cual respondi\u00f3 con una abierta sonrisa.<\/strong><\/p>\n<p><strong>La experiencia Cigala result\u00f3 providencial, pese al deslumbramiento durante las cinco primeras canciones del tel\u00e9fono m\u00f3vil del vecino de la izquierda: grabaciones, fotos, consultas al correo&#8230; Una pesadilla abortada con un educado &#8220;perdona, pero con la luz del m\u00f3vil no me puedo concentrar en el escenario&#8221; (cuando en realidad hubieras querido decir &#8220;apaga el m\u00f3vil de una puta vez, gilipollas, \u00bfa qu\u00e9 cojones vienes?). Tras el Cigala, tocaba sushi y alguna que otra\u00a0exquisitez en un buen restaurante en El Callej\u00f3n de los Cuernos en muy buena compa\u00f1\u00eda. Ya se sabe con la gente de Avil\u00e9s.\u00a0Esta vez fue una\u00a0cena improvisada con periodistas (cri cri cri cri cri cri), a la que seguir\u00e1 en breve otra cena con profesores: la Marilyn de la villa del Adelantado y\u00a0su music\u00f3logo perill\u00e1n. Porque Avil\u00e9s, se\u00f1oras y se\u00f1ores del jurado, tien de todo: cigalas\u00a0y\u00a0sushi, soportales y palacios, periodistas castrones y\u00a0tichers\u00a0glamurosos;\u00a0todo ello adornado por\u00a0un\u00a0platillo volante llamado Niemeyer que no sabes muy bien qu\u00e9 hace\u00a0ah\u00ed sin marcianos dentro. Pero mientras no despegue, secuestrado\u00a0por R2D2 y C3PO o por Hacienda, lo disfrutaremos siempre que podamos. \u00a1Salud, Avil\u00e9s!\u00a0<\/strong><\/p>\n<!-- AddThis Advanced Settings generic via filter on the_content --><!-- AddThis Share Buttons generic via filter on the_content -->","protected":false},"excerpt":{"rendered":"<p>Lo primero que te viene a la mente al irrumpir Diego El Cigala en el escenario del Niemeyer son las galopadas de Manolo Mesa por la banda de El Molin\u00f3n. El Cigala es m\u00e1s espigado y tambi\u00e9n m\u00e1s elegante, con su traje negro y su camisa blanca, pero su melena y su barba te recuerdan [&hellip;]<!-- AddThis Advanced Settings generic via filter on get_the_excerpt --><!-- AddThis Share Buttons generic via filter on get_the_excerpt --><\/p>\n","protected":false},"author":41,"featured_media":0,"comment_status":"open","ping_status":"open","sticky":false,"template":"","format":"standard","meta":[],"categories":[10],"tags":[],"_links":{"self":[{"href":"https:\/\/blogs.elcomercio.es\/campoyplayu\/wp-json\/wp\/v2\/posts\/9281"}],"collection":[{"href":"https:\/\/blogs.elcomercio.es\/campoyplayu\/wp-json\/wp\/v2\/posts"}],"about":[{"href":"https:\/\/blogs.elcomercio.es\/campoyplayu\/wp-json\/wp\/v2\/types\/post"}],"author":[{"embeddable":true,"href":"https:\/\/blogs.elcomercio.es\/campoyplayu\/wp-json\/wp\/v2\/users\/41"}],"replies":[{"embeddable":true,"href":"https:\/\/blogs.elcomercio.es\/campoyplayu\/wp-json\/wp\/v2\/comments?post=9281"}],"version-history":[{"count":0,"href":"https:\/\/blogs.elcomercio.es\/campoyplayu\/wp-json\/wp\/v2\/posts\/9281\/revisions"}],"wp:attachment":[{"href":"https:\/\/blogs.elcomercio.es\/campoyplayu\/wp-json\/wp\/v2\/media?parent=9281"}],"wp:term":[{"taxonomy":"category","embeddable":true,"href":"https:\/\/blogs.elcomercio.es\/campoyplayu\/wp-json\/wp\/v2\/categories?post=9281"},{"taxonomy":"post_tag","embeddable":true,"href":"https:\/\/blogs.elcomercio.es\/campoyplayu\/wp-json\/wp\/v2\/tags?post=9281"}],"curies":[{"name":"wp","href":"https:\/\/api.w.org\/{rel}","templated":true}]}}