{"id":9282,"date":"2013-02-14T09:46:30","date_gmt":"2013-02-14T08:46:30","guid":{"rendered":"http:\/\/blog.elcomercio.es\/campoyplayu\/?p=3796"},"modified":"2013-02-14T09:46:30","modified_gmt":"2013-02-14T08:46:30","slug":"mi-una-negra-amenaza-con-caer-2","status":"publish","type":"post","link":"https:\/\/blogs.elcomercio.es\/campoyplayu\/2013\/02\/14\/mi-una-negra-amenaza-con-caer-2\/","title":{"rendered":"La codiciada u\u00f1a negra sale a p\u00fablica subasta"},"content":{"rendered":"<p><strong>Esposa, le digo, la u\u00f1a negra parez que tiende a caer. \u00bfGustas?<br \/>\nNo, marido, cedo mis derechos a las sufridas compa\u00f1eras de trabajo,<br \/>\nque te aguantan muchas m\u00e1s horas y quiz\u00e1 la disfruten m\u00e1s.<br \/>\nEureka, repl\u00edcola. Y piensas: la Mayor, la Avispa Amarilla, la Esteban<br \/>\nHaga el Favor, la Fonsua Fiestas, la Chelinguer Megafichas, la LetiJefa,<br \/>\nla PequeEva, la Azascortas, el Moro travestido de Zarzamora&#8230; A todas les<br \/>\nhar\u00e1 gran ilusi\u00f3n\u00a0pujar por mi negra u\u00f1a oscurecida por un golpe de segadora.<!--more--><br \/>\nMira a ver c\u00f3mo la repartes, advierte la sinforosa esposa.<br \/>\nQue luego vienen las envidias, el yo la vi primero y los malosrollos.<\/strong><\/p>\n<p><strong>Cierto. \u00bfSorteo? \u00bfPuja? \u00bfPuyal ramu? \u00bfGincana? \u00bfEsconderite?<br \/>\n<\/strong><strong>Tras arduo debate, apostamos por la subasta p\u00fablica de la u\u00f1a ennegrecida<br \/>\npara ver si podemos amortizar un poco de hipoteca.<br \/>\n<\/strong><\/p>\n<p><strong>\u00bfCu\u00e1nto crees que podemos sacar?, diz la muyer<br \/>\n<\/strong><strong>Haces c\u00e1lculos, piensas en todas las batallas a las que sobrevivi\u00f3<br \/>\nla simpar u\u00f1a del dedo coraz\u00f3n de la mano izquierda, piensas<br \/>\nen su heroico \u00faltimo acto de servicio; y aventuras:<br \/>\n&#8216;A ver si lleguen a los 30.000 euros. Anden bien de perres&#8217;. <\/strong><\/p>\n<p><strong><a href=\"\/campoyplayu\/wp-content\/uploads\/sites\/42\/2013\/02\/Foto0808.jpg\"><img loading=\"lazy\" class=\"alignleft size-thumbnail wp-image-3803\" style=\"margin: 15px;border: black 15px solid\" src=\"\/campoyplayu\/wp-content\/uploads\/sites\/42\/2013\/02\/Foto0808.jpg\" alt=\"\" width=\"150\" height=\"150\" \/><\/a>La subasta queda fijada para el d\u00eda de los enamorados con objeto de pillar a la pe\u00f1a enternecida, de que tengan el bolsillo m\u00e1s suelto&#8230; Crecen los rumores en la redacci\u00f3n. Hablan de una alianza de tres redactoras para ofertar una suma inalcanzable. El ambiente est\u00e1 caldeado. Mi u\u00f1a negra empieza a ser un oscuro objeto de deseo, una reliquia, un valor in aeternum. Llega el gran momento y la votaci\u00f3n se celebra con sobre cerrado en la hemeroteca del peri\u00f3dico. No cabe un alfiler. Cuando hago acto de presencia con el abogado, el notario y la u\u00f1a, lustrosamente exhibida en un cofre transparente, un largo y admirado &#8220;ohhhhh&#8221; llena la sala. Tiros largos, pedrer\u00eda, perfumes caros&#8230; <\/strong><\/p>\n<p><strong>El ambiente es como el de Pasarela Cibeles, solo que en versi\u00f3n Pasarela U\u00f1a. Da comienzo la puja. Diecisiete sobres quedan depositados en una urna. Cuando el notario va a dar los tres martillazos de rigor para dar por cerrado el proceso, se abre la puerta. Un anciano irrumpe en la hemeroteca. Luce sotana, avanza encorvado y, sin mediar palabra, deposita un sobre in extremis. Como vino, se fue. Se hace un profundo silencio. Comienza la apertura de las ofertas. A llegar a la \u00faltima, el notario arquea las cejas y proclama: la u\u00f1a queda adjudicada al Museo de Antiguos Alumnos del Coraz\u00f3n de Mar\u00eda por 47.000 euros. &#8220;Ohhhhhhhh&#8221;, claman desilusionadas las pujantes reunidas en la sala. <\/strong><\/p>\n<p><strong>Unos d\u00edas despu\u00e9s, el colegio claretiano organiza un acto p\u00fablico, donde muestra en su vitrina dedicada a sus alumnos m\u00e1s ilustres la u\u00f1a ennegrecida reci\u00e9n adquirida. Est\u00e1 en el medio de sus dos reliquias m\u00e1s queridas hasta la fecha: una ceja donada por Francisco \u00c1lvarez-Cascos, de incalculable valor por su arco de herradura, y una r\u00e9plica del bigote y las gafas de Antonio Trev\u00edn que recuerda no s\u00e9 por qu\u00e9 a los hermanos Marx. Hay discursos y alabanzas tan sentidas que me veo obligado a hincar la rodilla derecha para recibir la bendici\u00f3n del sacerdote oficiante. Tal es la expectaci\u00f3n, que me comprometo p\u00fablicamente a donar en vida el sarro resultante de mi pr\u00f3xima limpieza bucal y, cuando haya abandonado este mundo, el p\u00edloro y las mollejas para que les den el uso que consideren. Cuando finalizo mi discurso, algunas asistentes secan los lacrimales de sus mejillas con sus pa\u00f1uelos. Se canta a coro &#8220;santo, santo, santo es el se\u00f1or (aus\u00edn)&#8221; y la ceremonia concluye.<\/strong><\/p>\n<!-- AddThis Advanced Settings generic via filter on the_content --><!-- AddThis Share Buttons generic via filter on the_content -->","protected":false},"excerpt":{"rendered":"<p>Esposa, le digo, la u\u00f1a negra parez que tiende a caer. \u00bfGustas? No, marido, cedo mis derechos a las sufridas compa\u00f1eras de trabajo, que te aguantan muchas m\u00e1s horas y quiz\u00e1 la disfruten m\u00e1s. Eureka, repl\u00edcola. Y piensas: la Mayor, la Avispa Amarilla, la Esteban Haga el Favor, la Fonsua Fiestas, la Chelinguer Megafichas, la [&hellip;]<!-- AddThis Advanced Settings generic via filter on get_the_excerpt --><!-- AddThis Share Buttons generic via filter on get_the_excerpt --><\/p>\n","protected":false},"author":41,"featured_media":0,"comment_status":"open","ping_status":"open","sticky":false,"template":"","format":"standard","meta":[],"categories":[6],"tags":[],"_links":{"self":[{"href":"https:\/\/blogs.elcomercio.es\/campoyplayu\/wp-json\/wp\/v2\/posts\/9282"}],"collection":[{"href":"https:\/\/blogs.elcomercio.es\/campoyplayu\/wp-json\/wp\/v2\/posts"}],"about":[{"href":"https:\/\/blogs.elcomercio.es\/campoyplayu\/wp-json\/wp\/v2\/types\/post"}],"author":[{"embeddable":true,"href":"https:\/\/blogs.elcomercio.es\/campoyplayu\/wp-json\/wp\/v2\/users\/41"}],"replies":[{"embeddable":true,"href":"https:\/\/blogs.elcomercio.es\/campoyplayu\/wp-json\/wp\/v2\/comments?post=9282"}],"version-history":[{"count":0,"href":"https:\/\/blogs.elcomercio.es\/campoyplayu\/wp-json\/wp\/v2\/posts\/9282\/revisions"}],"wp:attachment":[{"href":"https:\/\/blogs.elcomercio.es\/campoyplayu\/wp-json\/wp\/v2\/media?parent=9282"}],"wp:term":[{"taxonomy":"category","embeddable":true,"href":"https:\/\/blogs.elcomercio.es\/campoyplayu\/wp-json\/wp\/v2\/categories?post=9282"},{"taxonomy":"post_tag","embeddable":true,"href":"https:\/\/blogs.elcomercio.es\/campoyplayu\/wp-json\/wp\/v2\/tags?post=9282"}],"curies":[{"name":"wp","href":"https:\/\/api.w.org\/{rel}","templated":true}]}}