{"id":2729,"date":"2020-12-11T01:31:43","date_gmt":"2020-12-11T00:31:43","guid":{"rendered":"https:\/\/blogs.elcomercio.es\/cosesmies\/?p=2729"},"modified":"2020-12-11T01:31:43","modified_gmt":"2020-12-11T00:31:43","slug":"una-receta","status":"publish","type":"post","link":"https:\/\/blogs.elcomercio.es\/cosesmies\/2020\/12\/11\/una-receta\/","title":{"rendered":"Una receta"},"content":{"rendered":"<p>La leche y la manteca tra\u00edales un lecheru de la Pedrera, Mi madre, en el horno de la cocina de carb\u00f3n, hac\u00eda galletes y bizcochos; ten\u00eda la receta en un papel\u00edn en el aparador azul: &#8216;Az\u00facar, harina, huevos, levadura, manteca&#8217;&#8230;<\/p>\n<p>En un papel\u00edn tambi\u00e9n, apunt\u00e1bame los recaos; guardo uno que diz: &#8216;Azafr\u00e1n, naranjes, pan&#8217;.<\/p>\n<p>Juntos escrib\u00edamos les postales de navidad: &#8216;Felices fiestas y pr\u00f3spero a\u00f1o nuevo. Fina&#8217;, y yo.<\/p>\n<!-- AddThis Advanced Settings generic via filter on the_content --><!-- AddThis Share Buttons generic via filter on the_content -->","protected":false},"excerpt":{"rendered":"<p>La leche y la manteca tra\u00edales un lecheru de la Pedrera, Mi madre, en el horno de la cocina de carb\u00f3n, hac\u00eda galletes y bizcochos; ten\u00eda la receta en un papel\u00edn en el aparador azul: &#8216;Az\u00facar, harina, huevos, levadura, manteca&#8217;&#8230; En un papel\u00edn tambi\u00e9n, apunt\u00e1bame los recaos; guardo uno que diz: &#8216;Azafr\u00e1n, naranjes, pan&#8217;. Juntos [&hellip;]<!-- AddThis Advanced Settings generic via filter on get_the_excerpt --><!-- AddThis Share Buttons generic via filter on get_the_excerpt --><\/p>\n","protected":false},"author":7,"featured_media":2730,"comment_status":"open","ping_status":"open","sticky":false,"template":"","format":"standard","meta":[],"categories":[4],"tags":[15,31,33,41],"_links":{"self":[{"href":"https:\/\/blogs.elcomercio.es\/cosesmies\/wp-json\/wp\/v2\/posts\/2729"}],"collection":[{"href":"https:\/\/blogs.elcomercio.es\/cosesmies\/wp-json\/wp\/v2\/posts"}],"about":[{"href":"https:\/\/blogs.elcomercio.es\/cosesmies\/wp-json\/wp\/v2\/types\/post"}],"author":[{"embeddable":true,"href":"https:\/\/blogs.elcomercio.es\/cosesmies\/wp-json\/wp\/v2\/users\/7"}],"replies":[{"embeddable":true,"href":"https:\/\/blogs.elcomercio.es\/cosesmies\/wp-json\/wp\/v2\/comments?post=2729"}],"version-history":[{"count":1,"href":"https:\/\/blogs.elcomercio.es\/cosesmies\/wp-json\/wp\/v2\/posts\/2729\/revisions"}],"predecessor-version":[{"id":2731,"href":"https:\/\/blogs.elcomercio.es\/cosesmies\/wp-json\/wp\/v2\/posts\/2729\/revisions\/2731"}],"wp:featuredmedia":[{"embeddable":true,"href":"https:\/\/blogs.elcomercio.es\/cosesmies\/wp-json\/wp\/v2\/media\/2730"}],"wp:attachment":[{"href":"https:\/\/blogs.elcomercio.es\/cosesmies\/wp-json\/wp\/v2\/media?parent=2729"}],"wp:term":[{"taxonomy":"category","embeddable":true,"href":"https:\/\/blogs.elcomercio.es\/cosesmies\/wp-json\/wp\/v2\/categories?post=2729"},{"taxonomy":"post_tag","embeddable":true,"href":"https:\/\/blogs.elcomercio.es\/cosesmies\/wp-json\/wp\/v2\/tags?post=2729"}],"curies":[{"name":"wp","href":"https:\/\/api.w.org\/{rel}","templated":true}]}}