{"id":3072,"date":"2021-12-20T09:00:41","date_gmt":"2021-12-20T08:00:41","guid":{"rendered":"https:\/\/blogs.elcomercio.es\/cosesmies\/?p=3072"},"modified":"2021-12-27T15:01:24","modified_gmt":"2021-12-27T14:01:24","slug":"coses-mies-5","status":"publish","type":"post","link":"https:\/\/blogs.elcomercio.es\/cosesmies\/2021\/12\/20\/coses-mies-5\/","title":{"rendered":"Calle de los Remedios"},"content":{"rendered":"<p>El abajo firmante, mayor de edad, ruega a quien corresponda tenga a bien el declarar esta calle de utilidad p\u00fablica no s\u00f3lo por la necesidad tan extendida de remedios, sino tambi\u00e9n por el amparo que recibe el que, necesit\u00e1ndolos o no, sabe d\u00f3nde encontrarlos. Asimismo, ruega a la misma persona cuide de esta tan precios\u00edsima placa, de la antigua alfarer\u00eda de la Vega del Poja (Siero), llamada \u2018del Rayu\u2019 y, como tantas otras hermos\u00edsimas cosas, ya desaparecida. Sin otra y humildemente, se despide de usted Miguel Mingotes.<\/p>\n<!-- AddThis Advanced Settings generic via filter on the_content --><!-- AddThis Share Buttons generic via filter on the_content -->","protected":false},"excerpt":{"rendered":"<p>El abajo firmante, mayor de edad, ruega a quien corresponda tenga a bien el declarar esta calle de utilidad p\u00fablica no s\u00f3lo por la necesidad tan extendida de remedios, sino tambi\u00e9n por el amparo que recibe el que, necesit\u00e1ndolos o no, sabe d\u00f3nde encontrarlos. Asimismo, ruega a la misma persona cuide de esta tan precios\u00edsima [&hellip;]<!-- AddThis Advanced Settings generic via filter on get_the_excerpt --><!-- AddThis Share Buttons generic via filter on get_the_excerpt --><\/p>\n","protected":false},"author":7,"featured_media":3077,"comment_status":"open","ping_status":"open","sticky":false,"template":"","format":"standard","meta":[],"categories":[4],"tags":[15,30,31,33,41],"_links":{"self":[{"href":"https:\/\/blogs.elcomercio.es\/cosesmies\/wp-json\/wp\/v2\/posts\/3072"}],"collection":[{"href":"https:\/\/blogs.elcomercio.es\/cosesmies\/wp-json\/wp\/v2\/posts"}],"about":[{"href":"https:\/\/blogs.elcomercio.es\/cosesmies\/wp-json\/wp\/v2\/types\/post"}],"author":[{"embeddable":true,"href":"https:\/\/blogs.elcomercio.es\/cosesmies\/wp-json\/wp\/v2\/users\/7"}],"replies":[{"embeddable":true,"href":"https:\/\/blogs.elcomercio.es\/cosesmies\/wp-json\/wp\/v2\/comments?post=3072"}],"version-history":[{"count":3,"href":"https:\/\/blogs.elcomercio.es\/cosesmies\/wp-json\/wp\/v2\/posts\/3072\/revisions"}],"predecessor-version":[{"id":3078,"href":"https:\/\/blogs.elcomercio.es\/cosesmies\/wp-json\/wp\/v2\/posts\/3072\/revisions\/3078"}],"wp:featuredmedia":[{"embeddable":true,"href":"https:\/\/blogs.elcomercio.es\/cosesmies\/wp-json\/wp\/v2\/media\/3077"}],"wp:attachment":[{"href":"https:\/\/blogs.elcomercio.es\/cosesmies\/wp-json\/wp\/v2\/media?parent=3072"}],"wp:term":[{"taxonomy":"category","embeddable":true,"href":"https:\/\/blogs.elcomercio.es\/cosesmies\/wp-json\/wp\/v2\/categories?post=3072"},{"taxonomy":"post_tag","embeddable":true,"href":"https:\/\/blogs.elcomercio.es\/cosesmies\/wp-json\/wp\/v2\/tags?post=3072"}],"curies":[{"name":"wp","href":"https:\/\/api.w.org\/{rel}","templated":true}]}}