{"id":3162,"date":"2022-04-22T13:39:32","date_gmt":"2022-04-22T11:39:32","guid":{"rendered":"https:\/\/blogs.elcomercio.es\/cosesmies\/?p=3162"},"modified":"2022-04-22T13:39:32","modified_gmt":"2022-04-22T11:39:32","slug":"questo-non-si-sa","status":"publish","type":"post","link":"https:\/\/blogs.elcomercio.es\/cosesmies\/2022\/04\/22\/questo-non-si-sa\/","title":{"rendered":"&#8216;Questo non si sa&#8217;"},"content":{"rendered":"<p>Este libro empieza con el bigbang, que es en realidad con lo que empieza todo, los libros incluidos.<\/p>\n<p>Antes ya hab\u00eda algo, pero el qu\u00e9, como dec\u00eda Iva Zanicchi, \u2018questo non si sa\u2019. Tampoco questo non si sa qu\u00e9 habr\u00e1 despu\u00e9s si ye que hay algo, as\u00ed sea la nada en la que yo me ba\u00f1o, en la que nada permanece.<\/p>\n<!-- AddThis Advanced Settings generic via filter on the_content --><!-- AddThis Share Buttons generic via filter on the_content -->","protected":false},"excerpt":{"rendered":"<p>Este libro empieza con el bigbang, que es en realidad con lo que empieza todo, los libros incluidos. Antes ya hab\u00eda algo, pero el qu\u00e9, como dec\u00eda Iva Zanicchi, \u2018questo non si sa\u2019. Tampoco questo non si sa qu\u00e9 habr\u00e1 despu\u00e9s si ye que hay algo, as\u00ed sea la nada en la que yo me [&hellip;]<!-- AddThis Advanced Settings generic via filter on get_the_excerpt --><!-- AddThis Share Buttons generic via filter on get_the_excerpt --><\/p>\n","protected":false},"author":7,"featured_media":3163,"comment_status":"open","ping_status":"open","sticky":false,"template":"","format":"standard","meta":[],"categories":[4],"tags":[15,30,31,33],"_links":{"self":[{"href":"https:\/\/blogs.elcomercio.es\/cosesmies\/wp-json\/wp\/v2\/posts\/3162"}],"collection":[{"href":"https:\/\/blogs.elcomercio.es\/cosesmies\/wp-json\/wp\/v2\/posts"}],"about":[{"href":"https:\/\/blogs.elcomercio.es\/cosesmies\/wp-json\/wp\/v2\/types\/post"}],"author":[{"embeddable":true,"href":"https:\/\/blogs.elcomercio.es\/cosesmies\/wp-json\/wp\/v2\/users\/7"}],"replies":[{"embeddable":true,"href":"https:\/\/blogs.elcomercio.es\/cosesmies\/wp-json\/wp\/v2\/comments?post=3162"}],"version-history":[{"count":1,"href":"https:\/\/blogs.elcomercio.es\/cosesmies\/wp-json\/wp\/v2\/posts\/3162\/revisions"}],"predecessor-version":[{"id":3164,"href":"https:\/\/blogs.elcomercio.es\/cosesmies\/wp-json\/wp\/v2\/posts\/3162\/revisions\/3164"}],"wp:featuredmedia":[{"embeddable":true,"href":"https:\/\/blogs.elcomercio.es\/cosesmies\/wp-json\/wp\/v2\/media\/3163"}],"wp:attachment":[{"href":"https:\/\/blogs.elcomercio.es\/cosesmies\/wp-json\/wp\/v2\/media?parent=3162"}],"wp:term":[{"taxonomy":"category","embeddable":true,"href":"https:\/\/blogs.elcomercio.es\/cosesmies\/wp-json\/wp\/v2\/categories?post=3162"},{"taxonomy":"post_tag","embeddable":true,"href":"https:\/\/blogs.elcomercio.es\/cosesmies\/wp-json\/wp\/v2\/tags?post=3162"}],"curies":[{"name":"wp","href":"https:\/\/api.w.org\/{rel}","templated":true}]}}