{"id":193,"date":"2014-01-11T10:29:58","date_gmt":"2014-01-11T10:29:58","guid":{"rendered":"http:\/\/blog.elcomercio.es\/crimenesdeayerenasturias\/?p=193"},"modified":"2014-01-11T10:29:58","modified_gmt":"2014-01-11T10:29:58","slug":"la-joven-de-la-via-2","status":"publish","type":"post","link":"https:\/\/blogs.elcomercio.es\/crimenesdeayerenasturias\/2014\/01\/11\/la-joven-de-la-via-2\/","title":{"rendered":"La joven de la v\u00eda"},"content":{"rendered":"<p style=\"text-align: justify\">Fue uno de los mayores misterios de Gij\u00f3n. A principios de 1922, una joven sirvienta embarazada apareci\u00f3, agonizante, sobre las v\u00edas del tren. Todas las miradas, pero ni una sola prueba, se dirigieron a su novio.<\/p>\n<p style=\"text-align: center\"><object id=\"flashObj\" width=\"640\" height=\"360\" classid=\"D27CDB6E-AE6D-11cf-96B8-444553540000\" codebase=\"http:\/\/download.macromedia.com\/pub\/shockwave\/cabs\/flash\/swflash.cab#version=9,0,47,0\"><param name=\"movie\" value=\"http:\/\/c.brightcove.com\/services\/viewer\/federated_f9?isVid=1&#038;isUI=1\" \/><param name=\"bgcolor\" value=\"#FFFFFF\" \/><param name=\"flashVars\" value=\"web=externos&#038;videoId=2975461954001&#038;playerID=308992247001&#038;playerKey=AQ%2E%2E,AAAAE_SNXiE%2E,Pxv0pprkpw9L5cUVH1hXiPfTFZjjZGj5&#038;domain=embed&#038;dynamicStreaming=true\" \/><param name=\"base\" value=\"http:\/\/admin.brightcove.com\" \/><param name=\"wmode\" value=\"transparent\" \/><param name=\"seamlesstabbing\" value=\"false\" \/><param name=\"allowFullScreen\" value=\"true\" \/><param name=\"swLiveConnect\" value=\"true\" \/><param name=\"allowScriptAccess\" value=\"always\" \/><embed src=\"\/\/c.brightcove.com\/services\/viewer\/federated_f9?isVid=1&#038;isUI=1\" bgcolor=\"#FFFFFF\" flashVars=\"web=externos&#038;videoId=2975461954001&#038;playerID=308992247001&#038;playerKey=AQ%2E%2E,AAAAE_SNXiE%2E,Pxv0pprkpw9L5cUVH1hXiPfTFZjjZGj5&#038;domain=embed&#038;dynamicStreaming=true\" base=\"http:\/\/admin.brightcove.com\" name=\"flashObj\" width=\"640\" height=\"360\" seamlesstabbing=\"false\" type=\"application\/x-shockwave-flash\" allowFullScreen=\"true\" allowScriptAccess=\"always\" swLiveConnect=\"true\" pluginspage=\"http:\/\/www.macromedia.com\/shockwave\/download\/index.cgi?P1_Prod_Version=ShockwaveFlash\"><\/embed><\/object><\/p>\n<!-- AddThis Advanced Settings generic via filter on the_content --><!-- AddThis Share Buttons generic via filter on the_content -->","protected":false},"excerpt":{"rendered":"<p>Fue uno de los mayores misterios de Gij\u00f3n. A principios de 1922, una joven sirvienta embarazada apareci\u00f3, agonizante, sobre las v\u00edas del tren. Todas las miradas, pero ni una sola prueba, se dirigieron a su novio.<!-- AddThis Advanced Settings generic via filter on get_the_excerpt --><!-- AddThis Share Buttons generic via filter on get_the_excerpt --><\/p>\n","protected":false},"author":37,"featured_media":0,"comment_status":"open","ping_status":"open","sticky":false,"template":"","format":"standard","meta":[],"categories":[17],"tags":[39,43,52,53,65,78],"_links":{"self":[{"href":"https:\/\/blogs.elcomercio.es\/crimenesdeayerenasturias\/wp-json\/wp\/v2\/posts\/193"}],"collection":[{"href":"https:\/\/blogs.elcomercio.es\/crimenesdeayerenasturias\/wp-json\/wp\/v2\/posts"}],"about":[{"href":"https:\/\/blogs.elcomercio.es\/crimenesdeayerenasturias\/wp-json\/wp\/v2\/types\/post"}],"author":[{"embeddable":true,"href":"https:\/\/blogs.elcomercio.es\/crimenesdeayerenasturias\/wp-json\/wp\/v2\/users\/37"}],"replies":[{"embeddable":true,"href":"https:\/\/blogs.elcomercio.es\/crimenesdeayerenasturias\/wp-json\/wp\/v2\/comments?post=193"}],"version-history":[{"count":0,"href":"https:\/\/blogs.elcomercio.es\/crimenesdeayerenasturias\/wp-json\/wp\/v2\/posts\/193\/revisions"}],"wp:attachment":[{"href":"https:\/\/blogs.elcomercio.es\/crimenesdeayerenasturias\/wp-json\/wp\/v2\/media?parent=193"}],"wp:term":[{"taxonomy":"category","embeddable":true,"href":"https:\/\/blogs.elcomercio.es\/crimenesdeayerenasturias\/wp-json\/wp\/v2\/categories?post=193"},{"taxonomy":"post_tag","embeddable":true,"href":"https:\/\/blogs.elcomercio.es\/crimenesdeayerenasturias\/wp-json\/wp\/v2\/tags?post=193"}],"curies":[{"name":"wp","href":"https:\/\/api.w.org\/{rel}","templated":true}]}}