{"id":258,"date":"2014-05-09T08:39:22","date_gmt":"2014-05-09T08:39:22","guid":{"rendered":"http:\/\/blog.elcomercio.es\/crimenesdeayerenasturias\/?p=258"},"modified":"2014-05-09T08:39:22","modified_gmt":"2014-05-09T08:39:22","slug":"de-politica-y-muerte-1910","status":"publish","type":"post","link":"https:\/\/blogs.elcomercio.es\/crimenesdeayerenasturias\/2014\/05\/09\/de-politica-y-muerte-1910\/","title":{"rendered":"De pol\u00edtica y muerte (1910)"},"content":{"rendered":"<p style=\"text-align:justify\">Al principio parec\u00eda un crimen de taberna producido por los excesos del alcohol pero en cambio hab\u00eda mucho m\u00e1s. En 1910, una ma\u00f1ana de mayo encontraron en el Parque de las Meanas (Avil\u00e9s) el cad\u00e1ver de Virginio Mesa&#8230; <\/p>\n<p style=\"text-align:center\"><a href=\"\/crimenesdeayerenasturias\/wp-content\/uploads\/sites\/38\/2014\/05\/aa.jpg\"><img loading=\"lazy\" src=\"\/crimenesdeayerenasturias\/wp-content\/uploads\/sites\/38\/2014\/05\/aa.jpg\" alt=\"\" width=\"600\" height=\"350\" class=\"aligncenter size-full wp-image-263\" srcset=\"https:\/\/static-blogs.elcomercio.es\/wp-content\/uploads\/sites\/38\/2014\/05\/aa.jpg 600w, https:\/\/static-blogs.elcomercio.es\/wp-content\/uploads\/sites\/38\/2014\/05\/aa-300x175.jpg 300w\" sizes=\"(max-width: 600px) 100vw, 600px\" \/><\/a><\/p>\n<p style=\"text-align:center\"><object id=\"flashObj\" width=\"600\" height=\"360\" classid=\"D27CDB6E-AE6D-11cf-96B8-444553540000\" codebase=\"http:\/\/download.macromedia.com\/pub\/shockwave\/cabs\/flash\/swflash.cab#version=9,0,47,0\"><param name=\"movie\" value=\"http:\/\/c.brightcove.com\/services\/viewer\/federated_f9?isVid=1&#038;isUI=1\" \/><param name=\"bgcolor\" value=\"#FFFFFF\" \/><param name=\"flashVars\" value=\"@videoPlayer=3527487429001&#038;playerID=308992247001&#038;playerKey=AQ~~,AAAAE_SNXiE~,Pxv0pprkpw9L5cUVH1hXiPfTFZjjZGj5&#038;domain=embed&#038;dynamicStreaming=true\" \/><param name=\"base\" value=\"http:\/\/admin.brightcove.com\" \/><param name=\"seamlesstabbing\" value=\"false\" \/><param name=\"allowFullScreen\" value=\"true\" \/><param name=\"swLiveConnect\" value=\"true\" \/><param name=\"allowScriptAccess\" value=\"always\" \/><embed src=\"\/\/c.brightcove.com\/services\/viewer\/federated_f9?isVid=1&#038;isUI=1\" bgcolor=\"#FFFFFF\" flashVars=\"@videoPlayer=3527487429001&#038;playerID=308992247001&#038;playerKey=AQ~~,AAAAE_SNXiE~,Pxv0pprkpw9L5cUVH1hXiPfTFZjjZGj5&#038;domain=embed&#038;dynamicStreaming=true\" base=\"http:\/\/admin.brightcove.com\" name=\"flashObj\" width=\"600\" height=\"360\" seamlesstabbing=\"false\" type=\"application\/x-shockwave-flash\" allowFullScreen=\"true\" allowScriptAccess=\"always\" swLiveConnect=\"true\" pluginspage=\"http:\/\/www.macromedia.com\/shockwave\/download\/index.cgi?P1_Prod_Version=ShockwaveFlash\"><\/embed><\/object><\/p>\n<!-- AddThis Advanced Settings generic via filter on the_content --><!-- AddThis Share Buttons generic via filter on the_content -->","protected":false},"excerpt":{"rendered":"<p>Al principio parec\u00eda un crimen de taberna producido por los excesos del alcohol pero en cambio hab\u00eda mucho m\u00e1s. En 1910, una ma\u00f1ana de mayo encontraron en el Parque de las Meanas (Avil\u00e9s) el cad\u00e1ver de Virginio Mesa&#8230;<!-- AddThis Advanced Settings generic via filter on get_the_excerpt --><!-- AddThis Share Buttons generic via filter on get_the_excerpt --><\/p>\n","protected":false},"author":37,"featured_media":0,"comment_status":"open","ping_status":"open","sticky":false,"template":"","format":"standard","meta":[],"categories":[17],"tags":[39,43,52,53,65,78],"_links":{"self":[{"href":"https:\/\/blogs.elcomercio.es\/crimenesdeayerenasturias\/wp-json\/wp\/v2\/posts\/258"}],"collection":[{"href":"https:\/\/blogs.elcomercio.es\/crimenesdeayerenasturias\/wp-json\/wp\/v2\/posts"}],"about":[{"href":"https:\/\/blogs.elcomercio.es\/crimenesdeayerenasturias\/wp-json\/wp\/v2\/types\/post"}],"author":[{"embeddable":true,"href":"https:\/\/blogs.elcomercio.es\/crimenesdeayerenasturias\/wp-json\/wp\/v2\/users\/37"}],"replies":[{"embeddable":true,"href":"https:\/\/blogs.elcomercio.es\/crimenesdeayerenasturias\/wp-json\/wp\/v2\/comments?post=258"}],"version-history":[{"count":0,"href":"https:\/\/blogs.elcomercio.es\/crimenesdeayerenasturias\/wp-json\/wp\/v2\/posts\/258\/revisions"}],"wp:attachment":[{"href":"https:\/\/blogs.elcomercio.es\/crimenesdeayerenasturias\/wp-json\/wp\/v2\/media?parent=258"}],"wp:term":[{"taxonomy":"category","embeddable":true,"href":"https:\/\/blogs.elcomercio.es\/crimenesdeayerenasturias\/wp-json\/wp\/v2\/categories?post=258"},{"taxonomy":"post_tag","embeddable":true,"href":"https:\/\/blogs.elcomercio.es\/crimenesdeayerenasturias\/wp-json\/wp\/v2\/tags?post=258"}],"curies":[{"name":"wp","href":"https:\/\/api.w.org\/{rel}","templated":true}]}}