{"id":285,"date":"2017-02-03T23:06:43","date_gmt":"2017-02-03T22:06:43","guid":{"rendered":"http:\/\/blogs.elcomercio.es\/crimenesdeayerenasturias\/?p=285"},"modified":"2017-02-03T23:06:43","modified_gmt":"2017-02-03T22:06:43","slug":"la-muerte-del-esquirol-1913","status":"publish","type":"post","link":"https:\/\/blogs.elcomercio.es\/crimenesdeayerenasturias\/2017\/02\/03\/la-muerte-del-esquirol-1913\/","title":{"rendered":"La muerte del esquirol (1913)"},"content":{"rendered":"<p style=\"text-align: center;\"><strong><em>Se han cumplido ciento cuatro a\u00f1os de la fracasada huelga en la mina de Arnao: se exig\u00eda la jornada laboral de nueve horas, pero no se consigui\u00f3\u2026 y los conflictos se cobraron una v\u00edctima mortal.<\/em><\/strong><\/p>\n<div align=\"center\">\n<p><a href=\"\/crimenesdeayerenasturias\/wp-content\/uploads\/sites\/38\/2017\/02\/ECR19170207.jpg\"><img loading=\"lazy\" class=\"size-medium wp-image-281\" title=\"EL COMERCIO, 7 de febrero de 1913\" src=\"\/crimenesdeayerenasturias\/wp-content\/uploads\/sites\/38\/2017\/02\/ECR19170207.jpg\" alt=\"EL COMERCIO, 7 de febrero de 1913\" width=\"222\" height=\"174\" \/><\/a><\/p>\n<p style=\"text-align: center;\"><strong>Fecha.<\/strong>\u00a05 de febrero,\u00a0<a href=\"https:\/\/blogs.elcomercio.es\/crimenesdeayerenasturias\/category\/siglo-xx\/1913\/\" target=\"_blank\">191<\/a><a href=\"https:\/\/blogs.elcomercio.es\/crimenesdeayerenasturias\/category\/siglo-xx\/1913\/\" target=\"_blank\">3<\/a><\/p>\n<p style=\"text-align: center;\"><strong>Localizaci\u00f3n.<\/strong>\u00a0<a href=\"https:\/\/blogs.elcomercio.es\/crimenesdeayerenasturias\/category\/asturies\/castrillon\" target=\"_blank\">Castrill\u00f3n<\/a><\/p>\n<p style=\"text-align: center;\"><strong>Tipo de crimen.<\/strong>\u00a0<a href=\"https:\/\/blogs.elcomercio.es\/crimenesdeayerenasturias\/category\/crimenes-2\/Social\" target=\"_blank\">Social<\/a><\/p>\n<p style=\"text-align: center;\"><strong>N\u00famero de v\u00edctimas.<\/strong>\u00a01<\/p>\n<\/div>\n<p>En el contexto de la huelga con la que, desde finales de 1912, los trabajadores de la mina de Arnao intentaban conseguir la jornada laboral de nueve horas diarias, la decisi\u00f3n de Jos\u00e9 Vi\u00f1a, obrero de 38 a\u00f1os, de trabajar a pesar de todo traer\u00eda fatales consecuencias. Al intentar regresar al tajo, despu\u00e9s de unos d\u00edas de vacaciones, alguien le peg\u00f3 un tiro&#8230; y ech\u00f3 a correr sin dejar rastro.<\/p>\n<p>La historia completa, en la edici\u00f3n en papel del\u00a0<strong>5 de febrero de 201<\/strong><strong>7<\/strong>, <a href=\"http:\/\/kioskoymas.elcomercio.es\/acceso\" target=\"_blank\" rel=\"external nofollow\">est\u00e1 disponible en Kiosko y M\u00e1s<\/a>.<\/p>\n<div align=\"center\"><\/div>\n<!-- AddThis Advanced Settings generic via filter on the_content --><!-- AddThis Share Buttons generic via filter on the_content -->","protected":false},"excerpt":{"rendered":"<p>Se han cumplido ciento cuatro a\u00f1os de la fracasada huelga en la mina de Arnao: se exig\u00eda la jornada laboral de nueve horas, pero no se consigui\u00f3\u2026 y los conflictos se cobraron una v\u00edctima mortal. Fecha.\u00a05 de febrero,\u00a01913 Localizaci\u00f3n.\u00a0Castrill\u00f3n Tipo de crimen.\u00a0Social N\u00famero de v\u00edctimas.\u00a01 En el contexto de la huelga con la que, desde [&hellip;]<!-- AddThis Advanced Settings generic via filter on get_the_excerpt --><!-- AddThis Share Buttons generic via filter on get_the_excerpt --><\/p>\n","protected":false},"author":37,"featured_media":0,"comment_status":"open","ping_status":"closed","sticky":false,"template":"","format":"standard","meta":[],"categories":[22,2,4,5,16,18],"tags":[],"_links":{"self":[{"href":"https:\/\/blogs.elcomercio.es\/crimenesdeayerenasturias\/wp-json\/wp\/v2\/posts\/285"}],"collection":[{"href":"https:\/\/blogs.elcomercio.es\/crimenesdeayerenasturias\/wp-json\/wp\/v2\/posts"}],"about":[{"href":"https:\/\/blogs.elcomercio.es\/crimenesdeayerenasturias\/wp-json\/wp\/v2\/types\/post"}],"author":[{"embeddable":true,"href":"https:\/\/blogs.elcomercio.es\/crimenesdeayerenasturias\/wp-json\/wp\/v2\/users\/37"}],"replies":[{"embeddable":true,"href":"https:\/\/blogs.elcomercio.es\/crimenesdeayerenasturias\/wp-json\/wp\/v2\/comments?post=285"}],"version-history":[{"count":0,"href":"https:\/\/blogs.elcomercio.es\/crimenesdeayerenasturias\/wp-json\/wp\/v2\/posts\/285\/revisions"}],"wp:attachment":[{"href":"https:\/\/blogs.elcomercio.es\/crimenesdeayerenasturias\/wp-json\/wp\/v2\/media?parent=285"}],"wp:term":[{"taxonomy":"category","embeddable":true,"href":"https:\/\/blogs.elcomercio.es\/crimenesdeayerenasturias\/wp-json\/wp\/v2\/categories?post=285"},{"taxonomy":"post_tag","embeddable":true,"href":"https:\/\/blogs.elcomercio.es\/crimenesdeayerenasturias\/wp-json\/wp\/v2\/tags?post=285"}],"curies":[{"name":"wp","href":"https:\/\/api.w.org\/{rel}","templated":true}]}}