{"id":293,"date":"2017-01-27T23:29:54","date_gmt":"2017-01-27T22:29:54","guid":{"rendered":"http:\/\/blogs.elcomercio.es\/crimenesdeayerenasturias\/?p=293"},"modified":"2017-01-27T23:29:54","modified_gmt":"2017-01-27T22:29:54","slug":"la-venganza-de-la-marrona-1899","status":"publish","type":"post","link":"https:\/\/blogs.elcomercio.es\/crimenesdeayerenasturias\/2017\/01\/27\/la-venganza-de-la-marrona-1899\/","title":{"rendered":"La venganza de la Marrona (1899)"},"content":{"rendered":"<p style=\"text-align: center;\"><strong><em>Hace ciento dieciocho a\u00f1os, diferencias acerca de la devoluci\u00f3n de una deuda causaron un crimen en Siero cuyos culpables trataron de hacer pasar por accidente.<\/em><\/strong><\/p>\n<div align=\"center\">\n<p><a href=\"\/crimenesdeayerenasturias\/wp-content\/uploads\/sites\/38\/2017\/02\/ECR18990209.jpg\"><img loading=\"lazy\" class=\"size-medium wp-image-281\" src=\"\/crimenesdeayerenasturias\/wp-content\/uploads\/sites\/38\/2017\/02\/ECR18990209.jpg\" alt=\"\" width=\"222\" height=\"174\" \/><\/a><\/p>\n<p style=\"text-align: center;\"><strong>Fecha.<\/strong>\u00a0Febrero, <a href=\"https:\/\/blogs.elcomercio.es\/crimenesdeayerenasturias\/category\/siglo-xix\/1899\/\" target=\"_blank\">1899<\/a><\/p>\n<p style=\"text-align: center;\"><strong>Localizaci\u00f3n.<\/strong>\u00a0Ti\u00f1ana, <a href=\"https:\/\/blogs.elcomercio.es\/crimenesdeayerenasturias\/category\/asturies\/Siero\" target=\"_blank\">Siero<\/a><\/p>\n<p style=\"text-align: center;\"><strong>Tipo de crimen.<\/strong>\u00a0<a href=\"https:\/\/blogs.elcomercio.es\/crimenesdeayerenasturias\/category\/crimenes-2\/Resentimientos\" target=\"_blank\">Resentimientos<\/a><\/p>\n<p style=\"text-align: center;\"><strong>N\u00famero de v\u00edctimas.<\/strong>\u00a01<\/p>\n<p>Eran tiempos de carest\u00eda y Jos\u00e9 Su\u00e1rez se vio obligado a lo que no hubiera deseado jam\u00e1s: reclamarle el pago de sus propiedades a su arrendataria, &#8220;la Marrona&#8221;, que regentaba una taberna en Ti\u00f1ana. Al ir a hacerlo, result\u00f3 muerto de un m\u00e1s que oportuno golpe en la cabeza&#8230; que la tabernera asegur\u00f3 no saber c\u00f3mo hab\u00eda sido causado.<\/p>\n<p>La historia completa, en la edici\u00f3n en papel del\u00a0<strong>29 de enero de 201<\/strong><strong>7<\/strong>, <a href=\"http:\/\/kioskoymas.elcomercio.es\/acceso\" target=\"_blank\" rel=\"external nofollow\">est\u00e1 disponible en Kiosko y M\u00e1s<\/a>.<\/p>\n<div align=\"center\"><\/div>\n<\/div>\n<!-- AddThis Advanced Settings generic via filter on the_content --><!-- AddThis Share Buttons generic via filter on the_content -->","protected":false},"excerpt":{"rendered":"<p>Hace ciento dieciocho a\u00f1os, diferencias acerca de la devoluci\u00f3n de una deuda causaron un crimen en Siero cuyos culpables trataron de hacer pasar por accidente. Fecha.\u00a0Febrero, 1899 Localizaci\u00f3n.\u00a0Ti\u00f1ana, Siero Tipo de crimen.\u00a0Resentimientos N\u00famero de v\u00edctimas.\u00a01 Eran tiempos de carest\u00eda y Jos\u00e9 Su\u00e1rez se vio obligado a lo que no hubiera deseado jam\u00e1s: reclamarle el pago [&hellip;]<!-- AddThis Advanced Settings generic via filter on get_the_excerpt --><!-- AddThis Share Buttons generic via filter on get_the_excerpt --><\/p>\n","protected":false},"author":37,"featured_media":0,"comment_status":"open","ping_status":"closed","sticky":false,"template":"","format":"standard","meta":[],"categories":[21,2,5,9,14,15],"tags":[],"_links":{"self":[{"href":"https:\/\/blogs.elcomercio.es\/crimenesdeayerenasturias\/wp-json\/wp\/v2\/posts\/293"}],"collection":[{"href":"https:\/\/blogs.elcomercio.es\/crimenesdeayerenasturias\/wp-json\/wp\/v2\/posts"}],"about":[{"href":"https:\/\/blogs.elcomercio.es\/crimenesdeayerenasturias\/wp-json\/wp\/v2\/types\/post"}],"author":[{"embeddable":true,"href":"https:\/\/blogs.elcomercio.es\/crimenesdeayerenasturias\/wp-json\/wp\/v2\/users\/37"}],"replies":[{"embeddable":true,"href":"https:\/\/blogs.elcomercio.es\/crimenesdeayerenasturias\/wp-json\/wp\/v2\/comments?post=293"}],"version-history":[{"count":0,"href":"https:\/\/blogs.elcomercio.es\/crimenesdeayerenasturias\/wp-json\/wp\/v2\/posts\/293\/revisions"}],"wp:attachment":[{"href":"https:\/\/blogs.elcomercio.es\/crimenesdeayerenasturias\/wp-json\/wp\/v2\/media?parent=293"}],"wp:term":[{"taxonomy":"category","embeddable":true,"href":"https:\/\/blogs.elcomercio.es\/crimenesdeayerenasturias\/wp-json\/wp\/v2\/categories?post=293"},{"taxonomy":"post_tag","embeddable":true,"href":"https:\/\/blogs.elcomercio.es\/crimenesdeayerenasturias\/wp-json\/wp\/v2\/tags?post=293"}],"curies":[{"name":"wp","href":"https:\/\/api.w.org\/{rel}","templated":true}]}}