{"id":305,"date":"2017-01-20T00:33:24","date_gmt":"2017-01-19T23:33:24","guid":{"rendered":"http:\/\/blogs.elcomercio.es\/crimenesdeayerenasturias\/?p=305"},"modified":"2017-01-20T00:33:24","modified_gmt":"2017-01-19T23:33:24","slug":"piedad-y-justicia-1952","status":"publish","type":"post","link":"https:\/\/blogs.elcomercio.es\/crimenesdeayerenasturias\/2017\/01\/20\/piedad-y-justicia-1952\/","title":{"rendered":"Piedad y justicia (1952)"},"content":{"rendered":"<p style=\"text-align: center;\"><strong><em>Hace sesenta y dos a\u00f1os se juzg\u00f3 el asesinato de un hombre ocurrido tiempo atr\u00e1s, en pleno tren en marcha en La Pola. Su agresora estaba embarazada de \u00e9l<\/em><\/strong><\/p>\n<div align=\"center\">\n<p><a href=\"\/crimenesdeayerenasturias\/wp-content\/uploads\/sites\/38\/2017\/02\/ECR19540130.jpg\"><img class=\"size-medium wp-image-281\" src=\"\/crimenesdeayerenasturias\/wp-content\/uploads\/sites\/38\/2017\/02\/ECR19540130.jpg\" alt=\"EL COMERCIO, 7 de febrero de 1913\" \/><\/a><\/p>\n<p style=\"text-align: center;\"><strong>Fecha.<\/strong>\u00a05 de julio,\u00a0<a href=\"https:\/\/blogs.elcomercio.es\/crimenesdeayerenasturias\/category\/siglo-xx\/1952\/\" target=\"_blank\">1952<\/a><\/p>\n<p style=\"text-align: center;\"><strong>Localizaci\u00f3n.<\/strong>\u00a0<a href=\"https:\/\/blogs.elcomercio.es\/crimenesdeayerenasturias\/category\/asturies\/siero\" target=\"_blank\">La Pola Siero<\/a><\/p>\n<p style=\"text-align: center;\"><strong>Tipo de crimen.<\/strong>\u00a0<a href=\"https:\/\/blogs.elcomercio.es\/crimenesdeayerenasturias\/category\/crimenes-2\/Resentimientos\" target=\"_blank\">Resentimientos<\/a>, <a href=\"https:\/\/blogs.elcomercio.es\/crimenesdeayerenasturias\/category\/crimenes-2\/en-pareja\/\" target=\"_blank\">En pareja<\/a><\/p>\n<p style=\"text-align: center;\"><strong>N\u00famero de v\u00edctimas.<\/strong>\u00a01<\/p>\n<\/div>\n<p>No se responsabilizaba del embarazo de su novia a la par que ella pagaba todas las consecuencias: en el verano de 1952, la desesperaci\u00f3n de Felina, mujer burlada, hab\u00eda alcanzado insospechadas cotas. Expulsada de casa por su familia, abandonada por su novio, se subi\u00f3 al tren donde \u00e9ste trataba de evitarla&#8230; armada con un cuchillo.<\/p>\n<p>La historia completa, en la edici\u00f3n en papel del\u00a0<strong>22 de enero de 201<\/strong><strong>7<\/strong>, <a href=\"http:\/\/kioskoymas.elcomercio.es\/acceso\" target=\"_blank\" rel=\"external nofollow\">est\u00e1 disponible en Kiosko y M\u00e1s<\/a>.<\/p>\n<div align=\"center\"><\/div>\n<!-- AddThis Advanced Settings generic via filter on the_content --><!-- AddThis Share Buttons generic via filter on the_content -->","protected":false},"excerpt":{"rendered":"<p>Hace sesenta y dos a\u00f1os se juzg\u00f3 el asesinato de un hombre ocurrido tiempo atr\u00e1s, en pleno tren en marcha en La Pola. Su agresora estaba embarazada de \u00e9l Fecha.\u00a05 de julio,\u00a01952 Localizaci\u00f3n.\u00a0La Pola Siero Tipo de crimen.\u00a0Resentimientos, En pareja N\u00famero de v\u00edctimas.\u00a01 No se responsabilizaba del embarazo de su novia a la par que [&hellip;]<!-- AddThis Advanced Settings generic via filter on get_the_excerpt --><!-- AddThis Share Buttons generic via filter on get_the_excerpt --><\/p>\n","protected":false},"author":37,"featured_media":0,"comment_status":"open","ping_status":"closed","sticky":false,"template":"","format":"standard","meta":[],"categories":[29,2,5,6,9,14],"tags":[],"_links":{"self":[{"href":"https:\/\/blogs.elcomercio.es\/crimenesdeayerenasturias\/wp-json\/wp\/v2\/posts\/305"}],"collection":[{"href":"https:\/\/blogs.elcomercio.es\/crimenesdeayerenasturias\/wp-json\/wp\/v2\/posts"}],"about":[{"href":"https:\/\/blogs.elcomercio.es\/crimenesdeayerenasturias\/wp-json\/wp\/v2\/types\/post"}],"author":[{"embeddable":true,"href":"https:\/\/blogs.elcomercio.es\/crimenesdeayerenasturias\/wp-json\/wp\/v2\/users\/37"}],"replies":[{"embeddable":true,"href":"https:\/\/blogs.elcomercio.es\/crimenesdeayerenasturias\/wp-json\/wp\/v2\/comments?post=305"}],"version-history":[{"count":0,"href":"https:\/\/blogs.elcomercio.es\/crimenesdeayerenasturias\/wp-json\/wp\/v2\/posts\/305\/revisions"}],"wp:attachment":[{"href":"https:\/\/blogs.elcomercio.es\/crimenesdeayerenasturias\/wp-json\/wp\/v2\/media?parent=305"}],"wp:term":[{"taxonomy":"category","embeddable":true,"href":"https:\/\/blogs.elcomercio.es\/crimenesdeayerenasturias\/wp-json\/wp\/v2\/categories?post=305"},{"taxonomy":"post_tag","embeddable":true,"href":"https:\/\/blogs.elcomercio.es\/crimenesdeayerenasturias\/wp-json\/wp\/v2\/tags?post=305"}],"curies":[{"name":"wp","href":"https:\/\/api.w.org\/{rel}","templated":true}]}}