{"id":311,"date":"2017-01-13T00:46:48","date_gmt":"2017-01-12T23:46:48","guid":{"rendered":"http:\/\/blogs.elcomercio.es\/crimenesdeayerenasturias\/?p=311"},"modified":"2017-01-13T00:46:48","modified_gmt":"2017-01-12T23:46:48","slug":"la-noche-de-los-fantasmas-1928","status":"publish","type":"post","link":"https:\/\/blogs.elcomercio.es\/crimenesdeayerenasturias\/2017\/01\/13\/la-noche-de-los-fantasmas-1928\/","title":{"rendered":"La noche de los fantasmas (1928)"},"content":{"rendered":"<p style=\"text-align: center;\"><strong><em>Hace ochenta y nueve a\u00f1os, los rumores acerca de que un fantasma recorr\u00eda Gij\u00f3n propiciaron un enfrentamiento que a punto estuvo de acabar en crimen. El espectro, dec\u00edan, vagaba por toda la ciudad.<\/em><\/strong><\/p>\n<div align=\"center\">\n<p><a href=\"\/crimenesdeayerenasturias\/wp-content\/uploads\/sites\/38\/2017\/02\/ecr19280117.jpg\"><img class=\"size-medium wp-image-281\" src=\"\/crimenesdeayerenasturias\/wp-content\/uploads\/sites\/38\/2017\/02\/ecr19280117.jpg\" alt=\"\" \/><\/a><\/p>\n<p style=\"text-align: center;\"><strong>Fecha.<\/strong>\u00a016 de enero,\u00a0<a href=\"https:\/\/blogs.elcomercio.es\/crimenesdeayerenasturias\/category\/siglo-xx\/1928\/\" target=\"_blank\">1928<\/a><\/p>\n<p style=\"text-align: center;\"><strong>Localizaci\u00f3n.<\/strong>\u00a0<a href=\"https:\/\/blogs.elcomercio.es\/crimenesdeayerenasturias\/category\/asturies\/xixon\" target=\"_blank\">Xix\u00f3n<\/a><\/p>\n<p style=\"text-align: center;\"><strong>Tipo de crimen.<\/strong>\u00a0<a href=\"https:\/\/blogs.elcomercio.es\/crimenesdeayerenasturias\/category\/crimenes-2\/Reyertas\" target=\"_blank\">Reyertas<\/a><\/p>\n<p style=\"text-align: center;\"><strong>N\u00famero de v\u00edctimas.<\/strong>\u00a00 (un herido)<\/p>\n<\/div>\n<p>A principios de 1928 se corri\u00f3 el rumor por todo Gij\u00f3n de que un fantasma vagaba por sus calles y Luciano, habitual de los chigres y vecino del pr\u00e1u de don Gaspar, decidi\u00f3 librarse de \u00e9l o, en el peor de los casos, desenmascarar a quien anduviera detr\u00e1s de aquel invento. El problema fue que, para armarse de valor, decidi\u00f3 beber m\u00e1s de la cuenta.<\/p>\n<p>La historia completa, en la edici\u00f3n en papel del <strong>15\u00a0de enero de 201<\/strong><strong>7<\/strong>, <a href=\"http:\/\/kioskoymas.elcomercio.es\/acceso\" target=\"_blank\" rel=\"external nofollow\">est\u00e1 disponible en Kiosko y M\u00e1s<\/a>.<\/p>\n<div align=\"center\"><\/div>\n<!-- AddThis Advanced Settings generic via filter on the_content --><!-- AddThis Share Buttons generic via filter on the_content -->","protected":false},"excerpt":{"rendered":"<p>Hace ochenta y nueve a\u00f1os, los rumores acerca de que un fantasma recorr\u00eda Gij\u00f3n propiciaron un enfrentamiento que a punto estuvo de acabar en crimen. El espectro, dec\u00edan, vagaba por toda la ciudad. Fecha.\u00a016 de enero,\u00a01928 Localizaci\u00f3n.\u00a0Xix\u00f3n Tipo de crimen.\u00a0Reyertas N\u00famero de v\u00edctimas.\u00a00 (un herido) A principios de 1928 se corri\u00f3 el rumor por todo [&hellip;]<!-- AddThis Advanced Settings generic via filter on get_the_excerpt --><!-- AddThis Share Buttons generic via filter on get_the_excerpt --><\/p>\n","protected":false},"author":37,"featured_media":0,"comment_status":"open","ping_status":"closed","sticky":false,"template":"","format":"standard","meta":[],"categories":[27,2,5,16,20],"tags":[],"_links":{"self":[{"href":"https:\/\/blogs.elcomercio.es\/crimenesdeayerenasturias\/wp-json\/wp\/v2\/posts\/311"}],"collection":[{"href":"https:\/\/blogs.elcomercio.es\/crimenesdeayerenasturias\/wp-json\/wp\/v2\/posts"}],"about":[{"href":"https:\/\/blogs.elcomercio.es\/crimenesdeayerenasturias\/wp-json\/wp\/v2\/types\/post"}],"author":[{"embeddable":true,"href":"https:\/\/blogs.elcomercio.es\/crimenesdeayerenasturias\/wp-json\/wp\/v2\/users\/37"}],"replies":[{"embeddable":true,"href":"https:\/\/blogs.elcomercio.es\/crimenesdeayerenasturias\/wp-json\/wp\/v2\/comments?post=311"}],"version-history":[{"count":0,"href":"https:\/\/blogs.elcomercio.es\/crimenesdeayerenasturias\/wp-json\/wp\/v2\/posts\/311\/revisions"}],"wp:attachment":[{"href":"https:\/\/blogs.elcomercio.es\/crimenesdeayerenasturias\/wp-json\/wp\/v2\/media?parent=311"}],"wp:term":[{"taxonomy":"category","embeddable":true,"href":"https:\/\/blogs.elcomercio.es\/crimenesdeayerenasturias\/wp-json\/wp\/v2\/categories?post=311"},{"taxonomy":"post_tag","embeddable":true,"href":"https:\/\/blogs.elcomercio.es\/crimenesdeayerenasturias\/wp-json\/wp\/v2\/tags?post=311"}],"curies":[{"name":"wp","href":"https:\/\/api.w.org\/{rel}","templated":true}]}}