{"id":346,"date":"2018-09-29T12:10:35","date_gmt":"2018-09-29T10:10:35","guid":{"rendered":"https:\/\/blogs.elcomercio.es\/crimenesdeayerenasturias\/?p=346"},"modified":"2018-09-25T02:34:39","modified_gmt":"2018-09-25T00:34:39","slug":"taxi-publicidad-agresiva","status":"publish","type":"post","link":"https:\/\/blogs.elcomercio.es\/crimenesdeayerenasturias\/2018\/09\/29\/taxi-publicidad-agresiva\/","title":{"rendered":"&#8216;Taxi&#8217;, publicidad agresiva"},"content":{"rendered":"<p>Si esto no cuenta como publicidad agresiva, f\u00eda, yo ya no s\u00e9. Sali\u00f3 en la p\u00e1gina 16 de <a href=\"http:\/\/hemeroteca.elcomercio.es\/cgi-bin\/Pandora.exe?fn=select;query=id:0000758867;xslt=pagina;publication=El%20Comercio;place=Gij%C3%B3n;day=14;month=01;year=1990;page=016;filename=90E14;encoding=utf-8\" rel=\"external nofollow\">EL COMERCIO el 14 de enero de 1990<\/a>. Y a\u00fan duraba <a href=\"http:\/\/hemeroteca.elcomercio.es\/cgi-bin\/Pandora.exe?fn=select;query=id:0000782201;xslt=pagina;publication=El%20Comercio;place=Gij%C3%B3n;day=25;month=02;year=1991;page=014;filename=91F25;encoding=utf-8\" rel=\"external nofollow\">en 1991<\/a>.<\/p>\n<!-- AddThis Advanced Settings generic via filter on the_content --><!-- AddThis Share Buttons generic via filter on the_content -->","protected":false},"excerpt":{"rendered":"<p>Si esto no cuenta como publicidad agresiva, f\u00eda, yo ya no s\u00e9. Sali\u00f3 en la p\u00e1gina 16 de EL COMERCIO el 14 de enero de 1990. Y a\u00fan duraba en 1991.<!-- AddThis Advanced Settings generic via filter on get_the_excerpt --><!-- AddThis Share Buttons generic via filter on get_the_excerpt --><\/p>\n","protected":false},"author":37,"featured_media":347,"comment_status":"open","ping_status":"closed","sticky":false,"template":"","format":"standard","meta":[],"categories":[1],"tags":[],"_links":{"self":[{"href":"https:\/\/blogs.elcomercio.es\/crimenesdeayerenasturias\/wp-json\/wp\/v2\/posts\/346"}],"collection":[{"href":"https:\/\/blogs.elcomercio.es\/crimenesdeayerenasturias\/wp-json\/wp\/v2\/posts"}],"about":[{"href":"https:\/\/blogs.elcomercio.es\/crimenesdeayerenasturias\/wp-json\/wp\/v2\/types\/post"}],"author":[{"embeddable":true,"href":"https:\/\/blogs.elcomercio.es\/crimenesdeayerenasturias\/wp-json\/wp\/v2\/users\/37"}],"replies":[{"embeddable":true,"href":"https:\/\/blogs.elcomercio.es\/crimenesdeayerenasturias\/wp-json\/wp\/v2\/comments?post=346"}],"version-history":[{"count":1,"href":"https:\/\/blogs.elcomercio.es\/crimenesdeayerenasturias\/wp-json\/wp\/v2\/posts\/346\/revisions"}],"predecessor-version":[{"id":348,"href":"https:\/\/blogs.elcomercio.es\/crimenesdeayerenasturias\/wp-json\/wp\/v2\/posts\/346\/revisions\/348"}],"wp:featuredmedia":[{"embeddable":true,"href":"https:\/\/blogs.elcomercio.es\/crimenesdeayerenasturias\/wp-json\/wp\/v2\/media\/347"}],"wp:attachment":[{"href":"https:\/\/blogs.elcomercio.es\/crimenesdeayerenasturias\/wp-json\/wp\/v2\/media?parent=346"}],"wp:term":[{"taxonomy":"category","embeddable":true,"href":"https:\/\/blogs.elcomercio.es\/crimenesdeayerenasturias\/wp-json\/wp\/v2\/categories?post=346"},{"taxonomy":"post_tag","embeddable":true,"href":"https:\/\/blogs.elcomercio.es\/crimenesdeayerenasturias\/wp-json\/wp\/v2\/tags?post=346"}],"curies":[{"name":"wp","href":"https:\/\/api.w.org\/{rel}","templated":true}]}}