{"id":1009,"date":"2015-12-14T11:22:16","date_gmt":"2015-12-14T10:22:16","guid":{"rendered":"http:\/\/blogs.elcomercio.es\/cuervoalfageme\/?p=1009"},"modified":"2015-12-14T11:22:16","modified_gmt":"2015-12-14T10:22:16","slug":"termino-de-contrato-de-arrendamiento","status":"publish","type":"post","link":"https:\/\/blogs.elcomercio.es\/cuervoalfageme\/2015\/12\/14\/termino-de-contrato-de-arrendamiento\/","title":{"rendered":"T\u00e9rmino de contrato de arrendamiento."},"content":{"rendered":"<p><strong>Felipe alquil\u00f3 hace poco m\u00e1s de un a\u00f1o un apartamento a una se\u00f1ora que ya le indic\u00f3 en su d\u00eda que ese apartamento era de sus hijos y que ella lo ten\u00eda como usufructuaria tras la muerte de su marido. El contrato se hizo por tres a\u00f1os. Ahora la se\u00f1ora ha fallecido y los hijos se han puesto en contacto con \u00e9l para indicarle que no les interesa seguir con el contrato de arrendamiento porque piensan vender el apartamento. Nos pregunta si pueden echarle teniendo en cuenta que \u00e9l cumple con todos los pagos.<\/strong><\/p>\n<p>Si el contrato se hizo por la arrendadora en calidad de usufructuariala Leyde Arrendamientos Urbanos es clara al respecto: el arrendamiento se extingue al t\u00e9rmino del derecho del arrendador, por tanto, los hijos pueden dar por terminado el contrato.<\/p>\n<p>La \u00fanica opci\u00f3n, si te interesa seguir en el apartamento, pasa por negociar con los hijos y que te permitan terminar el plazo previsto en el contrato.<\/p>\n<p>&nbsp;<\/p>\n<p>S\u00edguenos en facebook.<\/p>\n<p>https:\/\/www.facebook.com\/cuervoalfageme.abogados\/<\/p>\n<!-- AddThis Advanced Settings generic via filter on the_content --><!-- AddThis Share Buttons generic via filter on the_content -->","protected":false},"excerpt":{"rendered":"<p>Felipe alquil\u00f3 hace poco m\u00e1s de un a\u00f1o un apartamento a una se\u00f1ora que ya le indic\u00f3 en su d\u00eda que ese apartamento era de sus hijos y que ella lo ten\u00eda como usufructuaria tras la muerte de su marido. El contrato se hizo por tres a\u00f1os. Ahora la se\u00f1ora ha fallecido y los hijos [&hellip;]<!-- AddThis Advanced Settings generic via filter on get_the_excerpt --><!-- AddThis Share Buttons generic via filter on get_the_excerpt --><\/p>\n","protected":false},"author":4,"featured_media":0,"comment_status":"open","ping_status":"open","sticky":false,"template":"","format":"standard","meta":[],"categories":[3,13],"tags":[],"_links":{"self":[{"href":"https:\/\/blogs.elcomercio.es\/cuervoalfageme\/wp-json\/wp\/v2\/posts\/1009"}],"collection":[{"href":"https:\/\/blogs.elcomercio.es\/cuervoalfageme\/wp-json\/wp\/v2\/posts"}],"about":[{"href":"https:\/\/blogs.elcomercio.es\/cuervoalfageme\/wp-json\/wp\/v2\/types\/post"}],"author":[{"embeddable":true,"href":"https:\/\/blogs.elcomercio.es\/cuervoalfageme\/wp-json\/wp\/v2\/users\/4"}],"replies":[{"embeddable":true,"href":"https:\/\/blogs.elcomercio.es\/cuervoalfageme\/wp-json\/wp\/v2\/comments?post=1009"}],"version-history":[{"count":0,"href":"https:\/\/blogs.elcomercio.es\/cuervoalfageme\/wp-json\/wp\/v2\/posts\/1009\/revisions"}],"wp:attachment":[{"href":"https:\/\/blogs.elcomercio.es\/cuervoalfageme\/wp-json\/wp\/v2\/media?parent=1009"}],"wp:term":[{"taxonomy":"category","embeddable":true,"href":"https:\/\/blogs.elcomercio.es\/cuervoalfageme\/wp-json\/wp\/v2\/categories?post=1009"},{"taxonomy":"post_tag","embeddable":true,"href":"https:\/\/blogs.elcomercio.es\/cuervoalfageme\/wp-json\/wp\/v2\/tags?post=1009"}],"curies":[{"name":"wp","href":"https:\/\/api.w.org\/{rel}","templated":true}]}}