{"id":1021,"date":"2016-01-11T11:43:10","date_gmt":"2016-01-11T10:43:10","guid":{"rendered":"http:\/\/blogs.elcomercio.es\/cuervoalfageme\/?p=1021"},"modified":"2016-01-11T11:43:10","modified_gmt":"2016-01-11T10:43:10","slug":"averia-compartida-entre-dos-edificios","status":"publish","type":"post","link":"https:\/\/blogs.elcomercio.es\/cuervoalfageme\/2016\/01\/11\/averia-compartida-entre-dos-edificios\/","title":{"rendered":"Aver\u00eda compartida entre dos edificios"},"content":{"rendered":"<p><strong>Juan Carlos nos comenta que vive en un edificio que tiene al lado otro gemelo, cada uno con su comunidad de propietarios. En la fachada, en la uni\u00f3n entre ambos edificios, existe una grieta. Dado que el otro edificio tiene problemas econ\u00f3micos, Juan Carlos teme que no quieran colaborar en la reparaci\u00f3n y nos pregunta c\u00f3mo deben proceder.<\/strong><\/p>\n<p>El primer paso es conocer realmente cu\u00e1l es el problema, de d\u00f3nde proviene, a qui\u00e9n corresponde la reparaci\u00f3n y a cu\u00e1nto asciende el importe de la misma.<\/p>\n<p>Para ello es importante contar con un informe de un perito que haga las valoraciones correspondientes pues puede ser posible que la causa y, por tanto, la responsabilidad de la reparaci\u00f3n, corresponda a uno solo de los edificios y no ambos.<\/p>\n<p>Con este extremo claro habr\u00eda que dar los pasos siguientes: hablar con el administrador y presidente de la otra comunidad, solicitar presupuestos y ver la forma de enfrentar la reparaci\u00f3n en funci\u00f3n del resultado del informe pericial.<\/p>\n<!-- AddThis Advanced Settings generic via filter on the_content --><!-- AddThis Share Buttons generic via filter on the_content -->","protected":false},"excerpt":{"rendered":"<p>Juan Carlos nos comenta que vive en un edificio que tiene al lado otro gemelo, cada uno con su comunidad de propietarios. En la fachada, en la uni\u00f3n entre ambos edificios, existe una grieta. Dado que el otro edificio tiene problemas econ\u00f3micos, Juan Carlos teme que no quieran colaborar en la reparaci\u00f3n y nos pregunta [&hellip;]<!-- AddThis Advanced Settings generic via filter on get_the_excerpt --><!-- AddThis Share Buttons generic via filter on get_the_excerpt --><\/p>\n","protected":false},"author":4,"featured_media":0,"comment_status":"open","ping_status":"open","sticky":false,"template":"","format":"standard","meta":[],"categories":[4],"tags":[],"_links":{"self":[{"href":"https:\/\/blogs.elcomercio.es\/cuervoalfageme\/wp-json\/wp\/v2\/posts\/1021"}],"collection":[{"href":"https:\/\/blogs.elcomercio.es\/cuervoalfageme\/wp-json\/wp\/v2\/posts"}],"about":[{"href":"https:\/\/blogs.elcomercio.es\/cuervoalfageme\/wp-json\/wp\/v2\/types\/post"}],"author":[{"embeddable":true,"href":"https:\/\/blogs.elcomercio.es\/cuervoalfageme\/wp-json\/wp\/v2\/users\/4"}],"replies":[{"embeddable":true,"href":"https:\/\/blogs.elcomercio.es\/cuervoalfageme\/wp-json\/wp\/v2\/comments?post=1021"}],"version-history":[{"count":0,"href":"https:\/\/blogs.elcomercio.es\/cuervoalfageme\/wp-json\/wp\/v2\/posts\/1021\/revisions"}],"wp:attachment":[{"href":"https:\/\/blogs.elcomercio.es\/cuervoalfageme\/wp-json\/wp\/v2\/media?parent=1021"}],"wp:term":[{"taxonomy":"category","embeddable":true,"href":"https:\/\/blogs.elcomercio.es\/cuervoalfageme\/wp-json\/wp\/v2\/categories?post=1021"},{"taxonomy":"post_tag","embeddable":true,"href":"https:\/\/blogs.elcomercio.es\/cuervoalfageme\/wp-json\/wp\/v2\/tags?post=1021"}],"curies":[{"name":"wp","href":"https:\/\/api.w.org\/{rel}","templated":true}]}}