{"id":1039,"date":"2016-03-08T12:11:51","date_gmt":"2016-03-08T11:11:51","guid":{"rendered":"http:\/\/blogs.elcomercio.es\/cuervoalfageme\/?p=1039"},"modified":"2016-03-08T12:11:51","modified_gmt":"2016-03-08T11:11:51","slug":"copropiedad-de-un-vehiculo","status":"publish","type":"post","link":"https:\/\/blogs.elcomercio.es\/cuervoalfageme\/2016\/03\/08\/copropiedad-de-un-vehiculo\/","title":{"rendered":"Copropiedad de un veh\u00edculo"},"content":{"rendered":"<p><strong>Isabel y su novio van a adquirir un veh\u00edculo y pagarlo a partes iguales. El problema es que en Tr\u00e1fico les dicen que solamente pueden ponerlo a nombre de uno de ellos. Nos preguntan c\u00f3mo pueden asegurar que el otro no se quede sin nada en caso de que m\u00e1s adelante las cosas no vayan bien.<\/strong><\/p>\n<p>Para acreditar la cotitularidad del veh\u00edculo pod\u00e9is solicitar que el justificante de compra se extienda\u00a0 a nombre de los dos e incluso pod\u00e9is\u00a0 firmar por duplicado un documento privado en el cual se deje constancia de la compra del veh\u00edculo a partes iguales. No obstante, incluso aunque este punto est\u00e9 claro, en caso de ruptura tendr\u00e9is que poneros de acuerdo en qui\u00e9n se queda con el coche y en la cantidad en que se compensar\u00e1 al otro en funci\u00f3n del valor que tenga en ese momento o bien proceder a la venta del veh\u00edculo a un tercero y repartir lo obtenido con su precio.<\/p>\n<!-- AddThis Advanced Settings generic via filter on the_content --><!-- AddThis Share Buttons generic via filter on the_content -->","protected":false},"excerpt":{"rendered":"<p>Isabel y su novio van a adquirir un veh\u00edculo y pagarlo a partes iguales. El problema es que en Tr\u00e1fico les dicen que solamente pueden ponerlo a nombre de uno de ellos. Nos preguntan c\u00f3mo pueden asegurar que el otro no se quede sin nada en caso de que m\u00e1s adelante las cosas no vayan [&hellip;]<!-- AddThis Advanced Settings generic via filter on get_the_excerpt --><!-- AddThis Share Buttons generic via filter on get_the_excerpt --><\/p>\n","protected":false},"author":4,"featured_media":0,"comment_status":"open","ping_status":"open","sticky":false,"template":"","format":"standard","meta":[],"categories":[7,12],"tags":[],"_links":{"self":[{"href":"https:\/\/blogs.elcomercio.es\/cuervoalfageme\/wp-json\/wp\/v2\/posts\/1039"}],"collection":[{"href":"https:\/\/blogs.elcomercio.es\/cuervoalfageme\/wp-json\/wp\/v2\/posts"}],"about":[{"href":"https:\/\/blogs.elcomercio.es\/cuervoalfageme\/wp-json\/wp\/v2\/types\/post"}],"author":[{"embeddable":true,"href":"https:\/\/blogs.elcomercio.es\/cuervoalfageme\/wp-json\/wp\/v2\/users\/4"}],"replies":[{"embeddable":true,"href":"https:\/\/blogs.elcomercio.es\/cuervoalfageme\/wp-json\/wp\/v2\/comments?post=1039"}],"version-history":[{"count":0,"href":"https:\/\/blogs.elcomercio.es\/cuervoalfageme\/wp-json\/wp\/v2\/posts\/1039\/revisions"}],"wp:attachment":[{"href":"https:\/\/blogs.elcomercio.es\/cuervoalfageme\/wp-json\/wp\/v2\/media?parent=1039"}],"wp:term":[{"taxonomy":"category","embeddable":true,"href":"https:\/\/blogs.elcomercio.es\/cuervoalfageme\/wp-json\/wp\/v2\/categories?post=1039"},{"taxonomy":"post_tag","embeddable":true,"href":"https:\/\/blogs.elcomercio.es\/cuervoalfageme\/wp-json\/wp\/v2\/tags?post=1039"}],"curies":[{"name":"wp","href":"https:\/\/api.w.org\/{rel}","templated":true}]}}