{"id":1051,"date":"2016-03-28T13:46:05","date_gmt":"2016-03-28T11:46:05","guid":{"rendered":"http:\/\/blogs.elcomercio.es\/cuervoalfageme\/?p=1051"},"modified":"2016-03-28T13:46:05","modified_gmt":"2016-03-28T11:46:05","slug":"vacaciones-compartidas","status":"publish","type":"post","link":"https:\/\/blogs.elcomercio.es\/cuervoalfageme\/2016\/03\/28\/vacaciones-compartidas\/","title":{"rendered":"Vacaciones compartidas"},"content":{"rendered":"<p><span style=\"font-size: medium;\"><br \/>\n<a href=\"\/cuervoalfageme\/wp-content\/uploads\/sites\/3\/2016\/03\/847156FA-D1F1-4A10-867D-99958A9DF4D5.jpg\"><img loading=\"lazy\" class=\"alignleft  wp-image-1363\" style=\"margin: 10px;\" title=\"847156FA-D1F1-4A10-867D-99958A9DF4D5\" src=\"\/cuervoalfageme\/wp-content\/uploads\/sites\/3\/2016\/03\/847156FA-D1F1-4A10-867D-99958A9DF4D5.jpg\" alt=\"\" width=\"296\" height=\"222\" srcset=\"https:\/\/static-blogs.elcomercio.es\/wp-content\/uploads\/sites\/3\/2016\/03\/847156FA-D1F1-4A10-867D-99958A9DF4D5.jpg 640w, https:\/\/static-blogs.elcomercio.es\/wp-content\/uploads\/sites\/3\/2016\/03\/847156FA-D1F1-4A10-867D-99958A9DF4D5-300x225.jpg 300w\" sizes=\"(max-width: 296px) 100vw, 296px\" \/><\/a>Con las vacaciones escolares algunas familias tienen que enfrentarse a conflictos y desacuerdos motivados por el tiempo que los ni\u00f1os han de pasar con uno y otro progenitor cuando hay una ruptura.<\/span><\/p>\n<p><span style=\"font-size: medium;\">En este momento, en pleno periodo vacacional, el tiempo que a cada cual corresponde ha tenido que elegirse o consensuarse hace ya unas semanas. Pero esto no evita las discusiones, porque aun siendo as\u00ed, pueden surgir problemas de \u00faltima hora que por m\u00e1s que parezcan insignificantes se pueden convertir en una pesadilla: lo que va o viene en la maleta de los ni\u00f1os, que puedan hablar con uno de sus padres mientras est\u00e1n con el otro, los horarios o el lugar de entrega, si pueden o no viajar a un lugar de vacaciones, los horarios de sue\u00f1o o el tipo de alimentaci\u00f3n\u2026 muchas veces no tener claras las expectativas o pensar que todo se puede judicializar convierte estos nimios detalles en constantes disputas.<\/span><\/p>\n<p><span style=\"font-size: medium;\">Cuando uno est\u00e1 a la defensiva siempre encontrar\u00e1 alguna raz\u00f3n para discutir. Por eso el primer paso es relativizar. Demos un margen dentro de lo l\u00f3gico y normal, apliquemos el sentido com\u00fan y no hagamos un mundo de una peque\u00f1a cosa. Los tribunales no est\u00e1n para resolver esos peque\u00f1os detalles.<\/span><\/p>\n<p><span style=\"font-size: medium;\">Adem\u00e1s es interesante tener algunas cuestiones claras: los ni\u00f1os pueden viajar cuando est\u00e1n de vacaciones mientras les corresponda estar con uno de los progenitores a no ser que lo tengan expresamente prohibido. Lo correcto es informar a la otra parte y no impedir las comunicaciones, de modo que no se generen preocupaciones innecesarias. Hay que respetar un m\u00ednimo razonable en cuanto a alimentaci\u00f3n, horarios, etc\u00e9tera, pero con cierto margen trat\u00e1ndose de vacaciones. Dado que se trata de varios d\u00edas es razonable mandar al ni\u00f1o con una maleta que incluya ropa para varios d\u00edas, ya que si la custodia no es compartida el otro progenitor no tendr\u00e1 en su casa ropa m\u00e1s que para un par de d\u00edas. Pero no hay regla al respecto taxativa al respecto por lo que hay que aplicar de nuevo el sentido com\u00fan.<\/span><\/p>\n<p><span style=\"font-size: medium;\">Los l\u00edmites: que las entregas y recogidas se realicen correctamente, que los ni\u00f1os est\u00e9n suficientemente atendidos y que se cubran sus necesidades f\u00edsicas y emocionales, pensando siempre en su inter\u00e9s, evit\u00e1ndoles presenciar discusiones y en ning\u00fan caso malmetiendo contra la otra parte.<\/span><\/p>\n<p><span style=\"font-size: medium;\">\u00bfParece f\u00e1cil? Para nada. Es mucho m\u00e1s dif\u00edcil de lo que parece.<\/span><\/p>\n<p>&nbsp;<\/p>\n<p><span style=\"font-size: medium;\"><strong>M\u00e1s informaci\u00f3n, consultas, v\u00eddeos, art\u00edculos\u2026 aqu\u00ed:<\/strong><\/span><\/p>\n<p><span style=\"font-size: medium;\"><a title=\"Nuestra web\" href=\"http:\/\/www.cuervoalfageme.com\/\" rel=\"external nofollow\">http:\/\/www.cuervoalfageme.com\/<\/a><\/span><\/p>\n<p><span style=\"font-size: medium;\"><a title=\"Facebook\" href=\"https:\/\/www.facebook.com\/cuervoalfageme.abogados\" rel=\"external nofollow\">https:\/\/www.facebook.com\/cuervoalfageme.abogados<\/a><\/span><\/p>\n<p><span style=\"font-size: medium;\"><a title=\"Twitter\" href=\"https:\/\/twitter.com\/CuervoAlfageme\" rel=\"external nofollow\">https:\/\/twitter.com\/CuervoAlfageme<\/a><\/span><\/p>\n<p><span style=\"font-size: medium;\"><a title=\"Youtube\" href=\"https:\/\/www.youtube.com\/user\/cuervoalfageme\" rel=\"external nofollow\">https:\/\/www.youtube.com\/user\/cuervoalfageme<\/a><\/span><\/p>\n<p>&nbsp;<\/p>\n<!-- AddThis Advanced Settings generic via filter on the_content --><!-- AddThis Share Buttons generic via filter on the_content -->","protected":false},"excerpt":{"rendered":"<p>Con las vacaciones escolares algunas familias tienen que enfrentarse a conflictos y desacuerdos motivados por el tiempo que los ni\u00f1os han de pasar con uno y otro progenitor cuando hay una ruptura. En este momento, en pleno periodo vacacional, el tiempo que a cada cual corresponde ha tenido que elegirse o consensuarse hace ya unas [&hellip;]<!-- AddThis Advanced Settings generic via filter on get_the_excerpt --><!-- AddThis Share Buttons generic via filter on get_the_excerpt --><\/p>\n","protected":false},"author":4,"featured_media":0,"comment_status":"open","ping_status":"open","sticky":false,"template":"","format":"standard","meta":[],"categories":[6],"tags":[],"_links":{"self":[{"href":"https:\/\/blogs.elcomercio.es\/cuervoalfageme\/wp-json\/wp\/v2\/posts\/1051"}],"collection":[{"href":"https:\/\/blogs.elcomercio.es\/cuervoalfageme\/wp-json\/wp\/v2\/posts"}],"about":[{"href":"https:\/\/blogs.elcomercio.es\/cuervoalfageme\/wp-json\/wp\/v2\/types\/post"}],"author":[{"embeddable":true,"href":"https:\/\/blogs.elcomercio.es\/cuervoalfageme\/wp-json\/wp\/v2\/users\/4"}],"replies":[{"embeddable":true,"href":"https:\/\/blogs.elcomercio.es\/cuervoalfageme\/wp-json\/wp\/v2\/comments?post=1051"}],"version-history":[{"count":0,"href":"https:\/\/blogs.elcomercio.es\/cuervoalfageme\/wp-json\/wp\/v2\/posts\/1051\/revisions"}],"wp:attachment":[{"href":"https:\/\/blogs.elcomercio.es\/cuervoalfageme\/wp-json\/wp\/v2\/media?parent=1051"}],"wp:term":[{"taxonomy":"category","embeddable":true,"href":"https:\/\/blogs.elcomercio.es\/cuervoalfageme\/wp-json\/wp\/v2\/categories?post=1051"},{"taxonomy":"post_tag","embeddable":true,"href":"https:\/\/blogs.elcomercio.es\/cuervoalfageme\/wp-json\/wp\/v2\/tags?post=1051"}],"curies":[{"name":"wp","href":"https:\/\/api.w.org\/{rel}","templated":true}]}}