{"id":1052,"date":"2016-04-04T10:54:18","date_gmt":"2016-04-04T08:54:18","guid":{"rendered":"http:\/\/blogs.elcomercio.es\/cuervoalfageme\/?p=1052"},"modified":"2016-04-04T10:54:18","modified_gmt":"2016-04-04T08:54:18","slug":"divorcio-con-el-demandado-en-otro-estado","status":"publish","type":"post","link":"https:\/\/blogs.elcomercio.es\/cuervoalfageme\/2016\/04\/04\/divorcio-con-el-demandado-en-otro-estado\/","title":{"rendered":"Divorcio con el demandado en otro estado"},"content":{"rendered":"<p><strong>Marta y Jean se conocieron y casaron en Asturias, aunque Jean es de nacionalidad francesa, ya que \u00e9l estaba trabajando en la zona norte de Espa\u00f1a. Tras varios a\u00f1os de matrimonio, ahora han decidido divorciarse y de hecho Jean ya se encuentra trabajando en Francia desde hace un par de meses. No tienen hijos. Marta quiere saber si los tr\u00e1mites podr\u00edan llevarse en Espa\u00f1a incluso aunque su marido se oponga.<\/strong><\/p>\n<p>Estamos ante un divorcio con la caracter\u00edstica especial de que el demandado es de nacionalidad francesa y reside actualmente en Francia. En este caso, la norma de aplicaci\u00f3n para determinar si los tribunales espa\u00f1oles son competentes para llevar la tramitaci\u00f3n de vuestro divorcio es el Reglamento comunitario 2201\/2003.\u00a0 De acuerdo con esta norma, s\u00ed se podr\u00eda plantear el divorcio en Espa\u00f1a teniendo en cuenta que ha sido el pa\u00eds de la \u00faltima residencia habitual del matrimonio.<\/p>\n<p>Ahora bien, dado que Jean tiene nacionalidad francesa y ya se encuentra residiendo en Francia, una vez lleve seis meses all\u00ed, tambi\u00e9n Francia ser\u00e1 competente y \u00e9l podr\u00eda iniciar los tr\u00e1mites en ese Estado. Por este motivo, nuestro consejo es que, si tu deseo es que el divorcio se lleve a cabo en Espa\u00f1a, inicies el procedimiento cuanto antes para evitar que, una vez transcurran esos seis meses desde su traslado, \u00e9l tambi\u00e9n pueda plantearlo en Francia.<\/p>\n<!-- AddThis Advanced Settings generic via filter on the_content --><!-- AddThis Share Buttons generic via filter on the_content -->","protected":false},"excerpt":{"rendered":"<p>Marta y Jean se conocieron y casaron en Asturias, aunque Jean es de nacionalidad francesa, ya que \u00e9l estaba trabajando en la zona norte de Espa\u00f1a. Tras varios a\u00f1os de matrimonio, ahora han decidido divorciarse y de hecho Jean ya se encuentra trabajando en Francia desde hace un par de meses. No tienen hijos. Marta [&hellip;]<!-- AddThis Advanced Settings generic via filter on get_the_excerpt --><!-- AddThis Share Buttons generic via filter on get_the_excerpt --><\/p>\n","protected":false},"author":4,"featured_media":0,"comment_status":"open","ping_status":"open","sticky":false,"template":"","format":"standard","meta":[],"categories":[9,12],"tags":[],"_links":{"self":[{"href":"https:\/\/blogs.elcomercio.es\/cuervoalfageme\/wp-json\/wp\/v2\/posts\/1052"}],"collection":[{"href":"https:\/\/blogs.elcomercio.es\/cuervoalfageme\/wp-json\/wp\/v2\/posts"}],"about":[{"href":"https:\/\/blogs.elcomercio.es\/cuervoalfageme\/wp-json\/wp\/v2\/types\/post"}],"author":[{"embeddable":true,"href":"https:\/\/blogs.elcomercio.es\/cuervoalfageme\/wp-json\/wp\/v2\/users\/4"}],"replies":[{"embeddable":true,"href":"https:\/\/blogs.elcomercio.es\/cuervoalfageme\/wp-json\/wp\/v2\/comments?post=1052"}],"version-history":[{"count":0,"href":"https:\/\/blogs.elcomercio.es\/cuervoalfageme\/wp-json\/wp\/v2\/posts\/1052\/revisions"}],"wp:attachment":[{"href":"https:\/\/blogs.elcomercio.es\/cuervoalfageme\/wp-json\/wp\/v2\/media?parent=1052"}],"wp:term":[{"taxonomy":"category","embeddable":true,"href":"https:\/\/blogs.elcomercio.es\/cuervoalfageme\/wp-json\/wp\/v2\/categories?post=1052"},{"taxonomy":"post_tag","embeddable":true,"href":"https:\/\/blogs.elcomercio.es\/cuervoalfageme\/wp-json\/wp\/v2\/tags?post=1052"}],"curies":[{"name":"wp","href":"https:\/\/api.w.org\/{rel}","templated":true}]}}