{"id":1056,"date":"2016-04-18T13:20:54","date_gmt":"2016-04-18T11:20:54","guid":{"rendered":"http:\/\/blogs.elcomercio.es\/cuervoalfageme\/?p=1056"},"modified":"2016-04-18T13:20:54","modified_gmt":"2016-04-18T11:20:54","slug":"dejar-la-vivienda-alquilada-antes-de-tiempo","status":"publish","type":"post","link":"https:\/\/blogs.elcomercio.es\/cuervoalfageme\/2016\/04\/18\/dejar-la-vivienda-alquilada-antes-de-tiempo\/","title":{"rendered":"Dejar la vivienda alquilada antes de tiempo"},"content":{"rendered":"<p><strong>Irene vive en un piso de alquiler desde hace varios meses. El contrato, que se firm\u00f3 con una duraci\u00f3n inicial de un a\u00f1o, est\u00e1 solamente a su nombre, pero desde el principio su novio vivi\u00f3 con ella y le ayudaba con los gastos. Ahora ha roto la relaci\u00f3n y quiere volver a vivir en casa de su madre, pues no puede hacer frente sola a todos los gastos. Nos pregunta si el propietario le puede reclamar el a\u00f1o entero.<\/strong><\/p>\n<p>Aunque hayas firmado por un a\u00f1o, puedes irte antes, siempre que al menos hayan transcurrido seis meses de contrato y avises al arrendador con una antelaci\u00f3n m\u00ednima de treinta d\u00edas. Haz esta comunicaci\u00f3n de forma fehaciente, por ejemplo, con un burofax. Es posible incluir en el contrato que, para el caso de desistimiento, deba el arrendatario indemnizar al arrendador con una cantidad equivalente a una mensualidad de la renta en vigor por cada a\u00f1o del contrato que reste por cumplir. F\u00edjate en tu contrato pues, si no se incluy\u00f3 esta posibilidad, el arrendador no podr\u00e1 reclamarte indemnizaci\u00f3n.<\/p>\n<!-- AddThis Advanced Settings generic via filter on the_content --><!-- AddThis Share Buttons generic via filter on the_content -->","protected":false},"excerpt":{"rendered":"<p>Irene vive en un piso de alquiler desde hace varios meses. El contrato, que se firm\u00f3 con una duraci\u00f3n inicial de un a\u00f1o, est\u00e1 solamente a su nombre, pero desde el principio su novio vivi\u00f3 con ella y le ayudaba con los gastos. Ahora ha roto la relaci\u00f3n y quiere volver a vivir en casa [&hellip;]<!-- AddThis Advanced Settings generic via filter on get_the_excerpt --><!-- AddThis Share Buttons generic via filter on get_the_excerpt --><\/p>\n","protected":false},"author":4,"featured_media":0,"comment_status":"open","ping_status":"open","sticky":false,"template":"","format":"standard","meta":[],"categories":[3,12],"tags":[],"_links":{"self":[{"href":"https:\/\/blogs.elcomercio.es\/cuervoalfageme\/wp-json\/wp\/v2\/posts\/1056"}],"collection":[{"href":"https:\/\/blogs.elcomercio.es\/cuervoalfageme\/wp-json\/wp\/v2\/posts"}],"about":[{"href":"https:\/\/blogs.elcomercio.es\/cuervoalfageme\/wp-json\/wp\/v2\/types\/post"}],"author":[{"embeddable":true,"href":"https:\/\/blogs.elcomercio.es\/cuervoalfageme\/wp-json\/wp\/v2\/users\/4"}],"replies":[{"embeddable":true,"href":"https:\/\/blogs.elcomercio.es\/cuervoalfageme\/wp-json\/wp\/v2\/comments?post=1056"}],"version-history":[{"count":0,"href":"https:\/\/blogs.elcomercio.es\/cuervoalfageme\/wp-json\/wp\/v2\/posts\/1056\/revisions"}],"wp:attachment":[{"href":"https:\/\/blogs.elcomercio.es\/cuervoalfageme\/wp-json\/wp\/v2\/media?parent=1056"}],"wp:term":[{"taxonomy":"category","embeddable":true,"href":"https:\/\/blogs.elcomercio.es\/cuervoalfageme\/wp-json\/wp\/v2\/categories?post=1056"},{"taxonomy":"post_tag","embeddable":true,"href":"https:\/\/blogs.elcomercio.es\/cuervoalfageme\/wp-json\/wp\/v2\/tags?post=1056"}],"curies":[{"name":"wp","href":"https:\/\/api.w.org\/{rel}","templated":true}]}}