{"id":1065,"date":"2016-05-16T12:13:24","date_gmt":"2016-05-16T10:13:24","guid":{"rendered":"http:\/\/blogs.elcomercio.es\/cuervoalfageme\/?p=1065"},"modified":"2016-05-16T12:13:24","modified_gmt":"2016-05-16T10:13:24","slug":"arrendamiento-y-pareja-de-hecho","status":"publish","type":"post","link":"https:\/\/blogs.elcomercio.es\/cuervoalfageme\/2016\/05\/16\/arrendamiento-y-pareja-de-hecho\/","title":{"rendered":"Arrendamiento y pareja de hecho."},"content":{"rendered":"<p><span style=\"font-size: medium;\"><strong>Juan lleva un par de a\u00f1os viviendo junto a su novia en un apartamento que ella ten\u00eda alquilado ya antes de conocerse. La relaci\u00f3n no fue bien desde el principio y ahora ella ha conseguido trabajo fuera de Asturias con lo que ha decidido irse y romper la convivencia. Juan nos pregunta si \u00e9l podr\u00eda continuar con el contrato de arrendamiento al menos un tiempo hasta que pueda encontrar otro lugar donde reorganizar su vida.<\/strong><\/span><\/p>\n<p><span style=\"font-size: medium;\">Si el arrendatario abandona la vivienda arrendada sin comunic\u00e1rselo de forma expresa al arrendador, la ley permite que el contrato contin\u00fae a favor del c\u00f3nyuge o pareja de hecho que conviva con el arrendatario. Para ello se exige que este notifique por escrito al arrendador su intenci\u00f3n de continuar con el arrendamiento en el plazo de un mes desde el abandono. Lo m\u00e1s correcto es hacerlo a trav\u00e9s de una f\u00f3rmula en la\u00a0 que quede constancia del env\u00edo y la recepci\u00f3n, por ejemplo, a trav\u00e9s de un burofax con acuse de recibo.<\/span><\/p>\n<p><span style=\"font-size: medium;\">Tambi\u00e9n puede darse el caso de que tu pareja, antes de irse, comunique al arrendador su voluntad de desistir del contrato. En este caso, el contrato tambi\u00e9n puede continuar a tu favor y lo correcto ser\u00eda que el arrendador fuera quien te requiriera a ti para que manifestaras tu intenci\u00f3n o no de continuar en el plazo de quince d\u00edas.<\/span><\/p>\n<p><span style=\"font-size: medium;\">De cualquier forma, el tiempo que puedes quedarte va a depender de la duraci\u00f3n del contrato que reste por cumplir o al acuerdo al que puedas llegar con el arrendador en otro caso.<\/span><\/p>\n<p><span style=\"color: #0000ff;\"><strong>S\u00edguenos en Facebook<\/strong><\/span><\/p>\n<p><span style=\"color: #0000ff;\"><strong>https:\/\/www.facebook.com\/cuervoalfageme.abogados<\/strong><\/span><\/p>\n<!-- AddThis Advanced Settings generic via filter on the_content --><!-- AddThis Share Buttons generic via filter on the_content -->","protected":false},"excerpt":{"rendered":"<p>Juan lleva un par de a\u00f1os viviendo junto a su novia en un apartamento que ella ten\u00eda alquilado ya antes de conocerse. La relaci\u00f3n no fue bien desde el principio y ahora ella ha conseguido trabajo fuera de Asturias con lo que ha decidido irse y romper la convivencia. Juan nos pregunta si \u00e9l podr\u00eda [&hellip;]<!-- AddThis Advanced Settings generic via filter on get_the_excerpt --><!-- AddThis Share Buttons generic via filter on get_the_excerpt --><\/p>\n","protected":false},"author":4,"featured_media":0,"comment_status":"open","ping_status":"open","sticky":false,"template":"","format":"standard","meta":[],"categories":[3,12],"tags":[],"_links":{"self":[{"href":"https:\/\/blogs.elcomercio.es\/cuervoalfageme\/wp-json\/wp\/v2\/posts\/1065"}],"collection":[{"href":"https:\/\/blogs.elcomercio.es\/cuervoalfageme\/wp-json\/wp\/v2\/posts"}],"about":[{"href":"https:\/\/blogs.elcomercio.es\/cuervoalfageme\/wp-json\/wp\/v2\/types\/post"}],"author":[{"embeddable":true,"href":"https:\/\/blogs.elcomercio.es\/cuervoalfageme\/wp-json\/wp\/v2\/users\/4"}],"replies":[{"embeddable":true,"href":"https:\/\/blogs.elcomercio.es\/cuervoalfageme\/wp-json\/wp\/v2\/comments?post=1065"}],"version-history":[{"count":0,"href":"https:\/\/blogs.elcomercio.es\/cuervoalfageme\/wp-json\/wp\/v2\/posts\/1065\/revisions"}],"wp:attachment":[{"href":"https:\/\/blogs.elcomercio.es\/cuervoalfageme\/wp-json\/wp\/v2\/media?parent=1065"}],"wp:term":[{"taxonomy":"category","embeddable":true,"href":"https:\/\/blogs.elcomercio.es\/cuervoalfageme\/wp-json\/wp\/v2\/categories?post=1065"},{"taxonomy":"post_tag","embeddable":true,"href":"https:\/\/blogs.elcomercio.es\/cuervoalfageme\/wp-json\/wp\/v2\/tags?post=1065"}],"curies":[{"name":"wp","href":"https:\/\/api.w.org\/{rel}","templated":true}]}}