{"id":1125,"date":"2016-11-07T12:21:39","date_gmt":"2016-11-07T11:21:39","guid":{"rendered":"http:\/\/blogs.elcomercio.es\/cuervoalfageme\/?p=1125"},"modified":"2016-11-07T12:21:39","modified_gmt":"2016-11-07T11:21:39","slug":"animales-veterinarios-iva-politicos","status":"publish","type":"post","link":"https:\/\/blogs.elcomercio.es\/cuervoalfageme\/2016\/11\/07\/animales-veterinarios-iva-politicos\/","title":{"rendered":"Animales, veterinarios, IVA, pol\u00edticos&#8230;"},"content":{"rendered":"<p><a href=\"\/cuervoalfageme\/wp-content\/uploads\/sites\/3\/2016\/11\/Veterinario.jpg\"><img loading=\"lazy\" class=\"alignnone size-full wp-image-1126\" title=\"Veterinario\" src=\"\/cuervoalfageme\/wp-content\/uploads\/sites\/3\/2016\/11\/Veterinario.jpg\" alt=\"\" width=\"514\" height=\"720\" srcset=\"https:\/\/static-blogs.elcomercio.es\/wp-content\/uploads\/sites\/3\/2016\/11\/Veterinario.jpg 514w, https:\/\/static-blogs.elcomercio.es\/wp-content\/uploads\/sites\/3\/2016\/11\/Veterinario-214x300.jpg 214w\" sizes=\"(max-width: 514px) 100vw, 514px\" \/><\/a><\/p>\n<p>El pasado cuatro de octubre, coincidiendo con el D\u00eda Mundial de los Animales, el Congreso de los Diputados aprob\u00f3 una proposici\u00f3n no de ley a favor de reducir el tipo de IVA que ahora mismo est\u00e1 fijado para las cl\u00ednicas veterinarias.<\/p>\n<p>Una noticia que parece muy positiva para todos los que, de una u otra forma, defienden el bienestar de los animales y especialmente llamativa por la fecha elegida para su votaci\u00f3n en nuestra c\u00e1mara baja.<\/p>\n<p>No obstante, sin olvidar que es un primer paso de muchos que es preciso dar en nuestro pa\u00eds para salir de la cola de estados europeos en materia de protecci\u00f3n de animales, ni la noticia es tan positiva ni tan siquiera hay raz\u00f3n en este caso para entender que se ha conseguido nada en firme. Ahondemos en la parte jur\u00eddica del asunto.<\/p>\n<p>En el a\u00f1o 2012, con la reforma entre otros muchos puntos, de los tipos del IVA, el aplicable a las cl\u00ednicas veterinarias subi\u00f3 de un d\u00eda para otro del reducido, que en aquel momento estaba situado en el 8% al normal que se situ\u00f3 en el 21%, es decir, todas las tarifas veterinarias, subieron de golpe un 13% como consecuencia de la aplicaci\u00f3n de este impuesto indirecto.<\/p>\n<p>Desde ese momento cl\u00ednicas veterinarias, protectoras, defensores de los derechos de los animales y propietarios de mascotas se manifestaron en contra de una subida considerada, por una parte, desproporcionada y, por otra, injustificada, dado que ni asistencia veterinaria no es un art\u00edculo de consumo \u201cde lujo\u201d sino necesario para el buen mantenimiento de los animales.<\/p>\n<p>En un pa\u00eds en el que el n\u00famero de abandonos nos sit\u00faa a la cabeza de Europa y en un momento de plena crisis econ\u00f3mica que afect\u00f3 a las clases m\u00e1s bajas, las consecuencias del incremento del IVA veterinario podr\u00edan traducirse en un mayor n\u00famero de abandonos, la no realizaci\u00f3n de las campa\u00f1as de prevenci\u00f3n, vacunaci\u00f3n y desparasitaci\u00f3n, el no tratamiento de animales enfermos o la comunicaci\u00f3n de enfermedades de animales\u2026<\/p>\n<p>El pasado d\u00eda 4 lo que se aprueba, por fin, cuatro a\u00f1os despu\u00e9s es una proposici\u00f3n no de ley para bajar el IVA al 10%. Pero no es una ley, es una proposici\u00f3n no de ley, es decir, al no tratarse de una norma legislativa, no es vinculante. Es una llamada de atenci\u00f3n del Congreso de que la mayor\u00eda de los diputados (177 votos positivos, 132 negativos y 33 abstenciones) est\u00e1n a favor de un cambio legislativo en tal sentido. Pero el camino es largo y los obst\u00e1culos muchos: formar gobierno, que se tramite y finalmente sea aprobada como ley\u2026 Esto tan solo es un primer paso, al menos es uno y hacia delante pero queda mucho por hacer en materia de protecci\u00f3n de animales.<\/p>\n<!-- AddThis Advanced Settings generic via filter on the_content --><!-- AddThis Share Buttons generic via filter on the_content -->","protected":false},"excerpt":{"rendered":"<p>El pasado cuatro de octubre, coincidiendo con el D\u00eda Mundial de los Animales, el Congreso de los Diputados aprob\u00f3 una proposici\u00f3n no de ley a favor de reducir el tipo de IVA que ahora mismo est\u00e1 fijado para las cl\u00ednicas veterinarias. Una noticia que parece muy positiva para todos los que, de una u otra [&hellip;]<!-- AddThis Advanced Settings generic via filter on get_the_excerpt --><!-- AddThis Share Buttons generic via filter on get_the_excerpt --><\/p>\n","protected":false},"author":4,"featured_media":0,"comment_status":"open","ping_status":"open","sticky":false,"template":"","format":"standard","meta":[],"categories":[10],"tags":[],"_links":{"self":[{"href":"https:\/\/blogs.elcomercio.es\/cuervoalfageme\/wp-json\/wp\/v2\/posts\/1125"}],"collection":[{"href":"https:\/\/blogs.elcomercio.es\/cuervoalfageme\/wp-json\/wp\/v2\/posts"}],"about":[{"href":"https:\/\/blogs.elcomercio.es\/cuervoalfageme\/wp-json\/wp\/v2\/types\/post"}],"author":[{"embeddable":true,"href":"https:\/\/blogs.elcomercio.es\/cuervoalfageme\/wp-json\/wp\/v2\/users\/4"}],"replies":[{"embeddable":true,"href":"https:\/\/blogs.elcomercio.es\/cuervoalfageme\/wp-json\/wp\/v2\/comments?post=1125"}],"version-history":[{"count":0,"href":"https:\/\/blogs.elcomercio.es\/cuervoalfageme\/wp-json\/wp\/v2\/posts\/1125\/revisions"}],"wp:attachment":[{"href":"https:\/\/blogs.elcomercio.es\/cuervoalfageme\/wp-json\/wp\/v2\/media?parent=1125"}],"wp:term":[{"taxonomy":"category","embeddable":true,"href":"https:\/\/blogs.elcomercio.es\/cuervoalfageme\/wp-json\/wp\/v2\/categories?post=1125"},{"taxonomy":"post_tag","embeddable":true,"href":"https:\/\/blogs.elcomercio.es\/cuervoalfageme\/wp-json\/wp\/v2\/tags?post=1125"}],"curies":[{"name":"wp","href":"https:\/\/api.w.org\/{rel}","templated":true}]}}