{"id":1133,"date":"2016-11-23T13:09:01","date_gmt":"2016-11-23T12:09:01","guid":{"rendered":"http:\/\/blogs.elcomercio.es\/cuervoalfageme\/?p=1133"},"modified":"2016-11-23T13:09:01","modified_gmt":"2016-11-23T12:09:01","slug":"1133","status":"publish","type":"post","link":"https:\/\/blogs.elcomercio.es\/cuervoalfageme\/2016\/11\/23\/1133\/","title":{"rendered":"Cuando el maltrato animal es m\u00e1s que un delito"},"content":{"rendered":"<p><a href=\"\/cuervoalfageme\/wp-content\/uploads\/sites\/3\/2016\/11\/Protectora-1.jpg\"><img loading=\"lazy\" class=\"size-medium wp-image-1134 alignleft\" style=\"margin: 8px;\" title=\"Protectora 1\" src=\"\/cuervoalfageme\/wp-content\/uploads\/sites\/3\/2016\/11\/Protectora-1.jpg\" alt=\"\" width=\"300\" height=\"207\" srcset=\"https:\/\/static-blogs.elcomercio.es\/wp-content\/uploads\/sites\/3\/2016\/11\/Protectora-1.jpg 595w, https:\/\/static-blogs.elcomercio.es\/wp-content\/uploads\/sites\/3\/2016\/11\/Protectora-1-300x208.jpg 300w\" sizes=\"(max-width: 300px) 100vw, 300px\" \/><\/a> \u00a0 \u00a0 \u00a0 Hay actos humanos tan reprobables desde el punto de vista de cualquier valor social y personal que podamos defender que la imposici\u00f3n de una sanci\u00f3n no alcanza para castigar la injusticia y el dolor que ocasionan.<\/p>\n<p>Podr\u00edamos poner numerosos ejemplos de lo anterior. Nuestro sistema jur\u00eddico considera infracciones y delitos a acciones que atentan contra los bienes y principios que se consideran b\u00e1sicos para el mantenimiento de nuestra vida en sociedad pero, a\u00fan as\u00ed, hay ocasiones en que ese castigo legal no alcanza a compensar el da\u00f1o que se ha creado.<\/p>\n<p>Y esta al menos es la sensaci\u00f3n que nos queda cuando leemos noticias como la de la protectora Parque Animal de Torremolinos.<\/p>\n<p>Porque no se trata tan solo de sacrificar en menos de dos a\u00f1os (desde principios del 2008 hasta octubre de 2010) a casi 2.200 animales sin control veterinario, de forma inexperta, sin sedaci\u00f3n previa, con escasa dosis letal y ocasionando una lenta y dolorosa agon\u00eda. No se trata tan solo del maltrato a todos esos animales mientras viv\u00edan en las instalaciones de la protectora. No se trata tan solo de falsificar los certificados de eutanasia y los listados para la incineraci\u00f3n con la finalidad de que las cifras de sacrificios masivos cuadraran. Ni siquiera se trata tan solo de hacer todo lo anterior con una clara finalidad econ\u00f3mica: que la protectora tuviera los menores gastos posibles y as\u00ed embolsarse dinero de donaciones particulares y subvenciones p\u00fablicas con una finalidad de total y absoluto lucro personal.<\/p>\n<p>No se trata tan solo de todo esto, aunque todo esto ya fuera suficiente para calificar la conducta de los responsables de esta protectora de un acto de maltrato sin precedentes.<\/p>\n<p>Se trata principalmente de que estamos hablando precisamente de una protectora. Un lugar al que acuden animales que ya han sufrido un abandono, una situaci\u00f3n de maltrato\u2026 un establecimiento cuya finalidad ha de ser, como su nombre indica, la de proteger a estos animales y buscarles una segunda oportunidad a trav\u00e9s de una adopci\u00f3n. Se trata de animales que ya han sufrido. Hay que tener muy poco de ser humano para negarles, no solo un intento de una nueva vida, sino hasta una muerte digna por ahorrar cantidades destinadas a ellos por una cuesti\u00f3n de lucro personal.<\/p>\n<p>Por supuesto todos estos hechos constituyen no uno sino varios delitos y as\u00ed se est\u00e1n juzgando: un delito continuado de maltrato animal, de intrusismo profesional, de falsedad en documento oficial\u2026 Delitos para los que el Ministerio Fiscal pide cuatro a\u00f1os de prisi\u00f3n lo que hace que este caso pueda convertirse, si finalmente termina el juicio con una sentencia condenatoria en tal sentido, en el primero de maltrato animal en que el responsable cumple finalmente una pena en prisi\u00f3n. Hecho importante por lo que tiene de disuasorio y porque por fin se empiezan a ver penas importantes para los casos de maltrato como hace tanto tiempo los defensores de los derechos de los animales llevan solicitando.<\/p>\n<p><a href=\"\/cuervoalfageme\/wp-content\/uploads\/sites\/3\/2016\/11\/protectora-2.jpg\"><img loading=\"lazy\" class=\"alignleft size-medium wp-image-1139\" style=\"margin: 8px;\" title=\"protectora 2\" src=\"\/cuervoalfageme\/wp-content\/uploads\/sites\/3\/2016\/11\/protectora-2.jpg\" alt=\"\" width=\"300\" height=\"168\" srcset=\"https:\/\/static-blogs.elcomercio.es\/wp-content\/uploads\/sites\/3\/2016\/11\/protectora-2.jpg 575w, https:\/\/static-blogs.elcomercio.es\/wp-content\/uploads\/sites\/3\/2016\/11\/protectora-2-300x169.jpg 300w\" sizes=\"(max-width: 300px) 100vw, 300px\" \/><\/a>\u00a0\u00a0\u00a0 No obstante, como dec\u00edamos al principio, a\u00fan as\u00ed, deber\u00edan existir normas m\u00e1s claras y contundentes contra este tipo de situaciones y una concienciaci\u00f3n social cada vez mayor de que alguien que maltrata a un animal es en esencia un maltratador y esa falta de valores en relaci\u00f3n con los animales tarde o temprano se har\u00e1 visible tambi\u00e9n en el resto de aspectos de su vida.<\/p>\n<p>&nbsp;<\/p>\n<p>&nbsp;<\/p>\n<p><strong><span style=\"color: #0000ff;\">S\u00edguenos en Facebook:\u00a0https:\/\/www.facebook.com\/cuervoalfageme.abogados<\/span><\/strong><\/p>\n<p>&nbsp;<\/p>\n<!-- AddThis Advanced Settings generic via filter on the_content --><!-- AddThis Share Buttons generic via filter on the_content -->","protected":false},"excerpt":{"rendered":"<p>\u00a0 \u00a0 \u00a0 Hay actos humanos tan reprobables desde el punto de vista de cualquier valor social y personal que podamos defender que la imposici\u00f3n de una sanci\u00f3n no alcanza para castigar la injusticia y el dolor que ocasionan. Podr\u00edamos poner numerosos ejemplos de lo anterior. Nuestro sistema jur\u00eddico considera infracciones y delitos a acciones [&hellip;]<!-- AddThis Advanced Settings generic via filter on get_the_excerpt --><!-- AddThis Share Buttons generic via filter on get_the_excerpt --><\/p>\n","protected":false},"author":4,"featured_media":0,"comment_status":"open","ping_status":"open","sticky":false,"template":"","format":"standard","meta":[],"categories":[10],"tags":[],"_links":{"self":[{"href":"https:\/\/blogs.elcomercio.es\/cuervoalfageme\/wp-json\/wp\/v2\/posts\/1133"}],"collection":[{"href":"https:\/\/blogs.elcomercio.es\/cuervoalfageme\/wp-json\/wp\/v2\/posts"}],"about":[{"href":"https:\/\/blogs.elcomercio.es\/cuervoalfageme\/wp-json\/wp\/v2\/types\/post"}],"author":[{"embeddable":true,"href":"https:\/\/blogs.elcomercio.es\/cuervoalfageme\/wp-json\/wp\/v2\/users\/4"}],"replies":[{"embeddable":true,"href":"https:\/\/blogs.elcomercio.es\/cuervoalfageme\/wp-json\/wp\/v2\/comments?post=1133"}],"version-history":[{"count":0,"href":"https:\/\/blogs.elcomercio.es\/cuervoalfageme\/wp-json\/wp\/v2\/posts\/1133\/revisions"}],"wp:attachment":[{"href":"https:\/\/blogs.elcomercio.es\/cuervoalfageme\/wp-json\/wp\/v2\/media?parent=1133"}],"wp:term":[{"taxonomy":"category","embeddable":true,"href":"https:\/\/blogs.elcomercio.es\/cuervoalfageme\/wp-json\/wp\/v2\/categories?post=1133"},{"taxonomy":"post_tag","embeddable":true,"href":"https:\/\/blogs.elcomercio.es\/cuervoalfageme\/wp-json\/wp\/v2\/tags?post=1133"}],"curies":[{"name":"wp","href":"https:\/\/api.w.org\/{rel}","templated":true}]}}