{"id":1171,"date":"2016-12-21T13:16:40","date_gmt":"2016-12-21T12:16:40","guid":{"rendered":"http:\/\/blogs.elcomercio.es\/cuervoalfageme\/?p=1171"},"modified":"2016-12-21T13:16:40","modified_gmt":"2016-12-21T12:16:40","slug":"pension-de-alimentos-y-vacaciones","status":"publish","type":"post","link":"https:\/\/blogs.elcomercio.es\/cuervoalfageme\/2016\/12\/21\/pension-de-alimentos-y-vacaciones\/","title":{"rendered":"Pensi\u00f3n de alimentos y vacaciones"},"content":{"rendered":"<p><strong>Alejandro se divorci\u00f3\u00a0hace apenas un par de meses. Tiene dos hijos cuya custodia se le atribuy\u00f3 a la madre aunque \u00e9l cuenta con amplias visitas. En Navidad, los ni\u00f1os pasar\u00e1n buena parte de las vacaciones con \u00e9l y nos pregunta si, siendo as\u00ed y cubriendo \u00e9l directamente sus gastos, tiene que pasar \u00edntegramente la pensi\u00f3n de alimentos a su ex.<\/strong><\/p>\n<p>Esta es una duda muy frecuente que surge siempre en el primer periodo vacacional que los hijos comunes pasan con aquel que est\u00e1 obligado al pago de la pensi\u00f3n alimenticia. La respuesta, sin embargo, es muy clara: la pensi\u00f3n de alimentos hay que abonarla \u00edntegramente todas las mensualidades, pasen los hijos el tiempo que pasen con cada uno de los progenitores en funci\u00f3n de las visitas y estancias que se hayan establecido. La raz\u00f3n tambi\u00e9n es sencilla de comprender: la pensi\u00f3n se calcula atendiendo a un promedio de gastos de los ni\u00f1os, que tampoco durante todos los meses son iguales.<\/p>\n<!-- AddThis Advanced Settings generic via filter on the_content --><!-- AddThis Share Buttons generic via filter on the_content -->","protected":false},"excerpt":{"rendered":"<p>Alejandro se divorci\u00f3\u00a0hace apenas un par de meses. Tiene dos hijos cuya custodia se le atribuy\u00f3 a la madre aunque \u00e9l cuenta con amplias visitas. En Navidad, los ni\u00f1os pasar\u00e1n buena parte de las vacaciones con \u00e9l y nos pregunta si, siendo as\u00ed y cubriendo \u00e9l directamente sus gastos, tiene que pasar \u00edntegramente la pensi\u00f3n [&hellip;]<!-- AddThis Advanced Settings generic via filter on get_the_excerpt --><!-- AddThis Share Buttons generic via filter on get_the_excerpt --><\/p>\n","protected":false},"author":4,"featured_media":0,"comment_status":"open","ping_status":"open","sticky":false,"template":"","format":"standard","meta":[],"categories":[10,11,12],"tags":[],"_links":{"self":[{"href":"https:\/\/blogs.elcomercio.es\/cuervoalfageme\/wp-json\/wp\/v2\/posts\/1171"}],"collection":[{"href":"https:\/\/blogs.elcomercio.es\/cuervoalfageme\/wp-json\/wp\/v2\/posts"}],"about":[{"href":"https:\/\/blogs.elcomercio.es\/cuervoalfageme\/wp-json\/wp\/v2\/types\/post"}],"author":[{"embeddable":true,"href":"https:\/\/blogs.elcomercio.es\/cuervoalfageme\/wp-json\/wp\/v2\/users\/4"}],"replies":[{"embeddable":true,"href":"https:\/\/blogs.elcomercio.es\/cuervoalfageme\/wp-json\/wp\/v2\/comments?post=1171"}],"version-history":[{"count":0,"href":"https:\/\/blogs.elcomercio.es\/cuervoalfageme\/wp-json\/wp\/v2\/posts\/1171\/revisions"}],"wp:attachment":[{"href":"https:\/\/blogs.elcomercio.es\/cuervoalfageme\/wp-json\/wp\/v2\/media?parent=1171"}],"wp:term":[{"taxonomy":"category","embeddable":true,"href":"https:\/\/blogs.elcomercio.es\/cuervoalfageme\/wp-json\/wp\/v2\/categories?post=1171"},{"taxonomy":"post_tag","embeddable":true,"href":"https:\/\/blogs.elcomercio.es\/cuervoalfageme\/wp-json\/wp\/v2\/tags?post=1171"}],"curies":[{"name":"wp","href":"https:\/\/api.w.org\/{rel}","templated":true}]}}