{"id":1189,"date":"2017-01-09T13:50:31","date_gmt":"2017-01-09T12:50:31","guid":{"rendered":"http:\/\/blogs.elcomercio.es\/cuervoalfageme\/?p=1189"},"modified":"2017-01-09T13:50:31","modified_gmt":"2017-01-09T12:50:31","slug":"hacer-testamento","status":"publish","type":"post","link":"https:\/\/blogs.elcomercio.es\/cuervoalfageme\/2017\/01\/09\/hacer-testamento\/","title":{"rendered":"Hacer testamento"},"content":{"rendered":"<p><a href=\"\/cuervoalfageme\/wp-content\/uploads\/sites\/3\/2017\/01\/Testamento.jpg\"><img loading=\"lazy\" class=\"alignleft size-full wp-image-1190\" title=\"Testamento\" src=\"\/cuervoalfageme\/wp-content\/uploads\/sites\/3\/2017\/01\/Testamento.jpg\" alt=\"\" width=\"536\" height=\"457\" srcset=\"https:\/\/static-blogs.elcomercio.es\/wp-content\/uploads\/sites\/3\/2017\/01\/Testamento.jpg 536w, https:\/\/static-blogs.elcomercio.es\/wp-content\/uploads\/sites\/3\/2017\/01\/Testamento-300x256.jpg 300w\" sizes=\"(max-width: 536px) 100vw, 536px\" \/><\/a>Qu\u00e9 poco nos gusta anticipar situaciones negativas. \u00bfA qui\u00e9n le apetece ponerse a pensar en el momento en que va a dejar este mundo? Pero ve\u00e1moslo desde un punto de vista positivo: entre tanto estamos vivos, as\u00ed que hay que encontrar el equilibrio entre cuidarse y\u00a0 disfrutar el momento, apoyando a las personas a las que queremos y dej\u00e1ndonos querer. Y cuando ya no estemos, ah\u00ed no acaba todo. Quedar\u00e1n nuestras cosas, todo lo que con esfuerzo hemos conseguido a lo largo de muchos a\u00f1os. \u00bfDe verdad no importa qu\u00e9 va a pasar con ello? S\u00ed que importa y ya que podemos elegir, hag\u00e1moslo a tiempo.<\/p>\n<p>No hay que tener miedo a hacer testamento y es recomendable hacerlo ante Notario porque en otro caso no podremos asegurar que se conocer\u00e1 y respetar\u00e1 su contenido. Cuesta muy poco dinero hacerlo y puede cambiarse cuantas veces se quiera.<\/p>\n<p>Ahora bien \u00bfpuedo dejar mis bienes a quien quiera? La respuesta depende de si existen o no herederos forzosos, es decir, si al fallecer hay descendientes, ascendientes o c\u00f3nyuge viudo. En cada caso y seg\u00fan cuales sean estos parientes, hay que reservar una parte de la herencia para ellos, pudiendo disponer libremente del resto.<\/p>\n<p>Hablemos del supuesto m\u00e1s habitual: que existan hijos. En ese caso, el C\u00f3digo Civil establece que una tercera parte de la herencia (leg\u00edtima estricta) tiene que repartirse entre ellos a partes iguales, otra tercera parte (mejora) puede dejarse a los descendientes (hijos, nietos\u2026) en la proporci\u00f3n que se quiera entre ellos y, por \u00faltimo, hay un tercio de la herencia del que se puede disponer libremente. Eso s\u00ed, el c\u00f3nyuge viudo como m\u00ednimo tiene derecho al usufructo sobre el tercio de la herencia destinado a mejora.<\/p>\n<p>Ahora pensemos esto: aunque hay que respetar ciertos l\u00edmites, un estudio de la situaci\u00f3n nos deja cierto margen de maniobra e incluso en algunos casos cabe la opci\u00f3n de desheredar a alguno de los herederos forzosos d\u00e1ndose ciertas circunstancias.<\/p>\n<p>Algunas personas hacen este simple razonamiento: si yo quiero dejar todos mis bienes a mis hijos y adem\u00e1s a partes iguales, \u00bfde qu\u00e9 me sirve hacer testamento? Tambi\u00e9n en este supuesto es recomendable porque, aun dejando por partes iguales los bienes, es posible establecer qu\u00e9 bienes dejo a uno u otro, para evitar futuras discusiones en el reparto, o puedo pensar en mi pareja, estableciendo a su favor un derecho de usufructo m\u00e1s amplio que el que por ley le corresponde, especificando adem\u00e1s sobre qu\u00e9 bienes ha de recaer (por ejemplo la vivienda familiar). Adem\u00e1s, al hacer testamento, evitamos que nuestros sucesores tengan que hacer el tr\u00e1mite de la declaraci\u00f3n de herederos, paso imprescindible cuando no existe testamento.<\/p>\n<p>No siempre es necesario acudir a un abogado para hacer testamento. Depende de si necesitamos un estudio de la situaci\u00f3n y una orientaci\u00f3n de las diferentes opciones y posibilidades. Si ya lo tenemos claro podemos acudir directamente a un Notario y manifestar nuestras intenciones. En la notar\u00eda pueden dar una primera orientaci\u00f3n o remitir los casos m\u00e1s complejos a un abogado.<\/p>\n<!-- AddThis Advanced Settings generic via filter on the_content --><!-- AddThis Share Buttons generic via filter on the_content -->","protected":false},"excerpt":{"rendered":"<p>Qu\u00e9 poco nos gusta anticipar situaciones negativas. \u00bfA qui\u00e9n le apetece ponerse a pensar en el momento en que va a dejar este mundo? Pero ve\u00e1moslo desde un punto de vista positivo: entre tanto estamos vivos, as\u00ed que hay que encontrar el equilibrio entre cuidarse y\u00a0 disfrutar el momento, apoyando a las personas a las [&hellip;]<!-- AddThis Advanced Settings generic via filter on get_the_excerpt --><!-- AddThis Share Buttons generic via filter on get_the_excerpt --><\/p>\n","protected":false},"author":4,"featured_media":0,"comment_status":"open","ping_status":"open","sticky":false,"template":"","format":"standard","meta":[],"categories":[6],"tags":[],"_links":{"self":[{"href":"https:\/\/blogs.elcomercio.es\/cuervoalfageme\/wp-json\/wp\/v2\/posts\/1189"}],"collection":[{"href":"https:\/\/blogs.elcomercio.es\/cuervoalfageme\/wp-json\/wp\/v2\/posts"}],"about":[{"href":"https:\/\/blogs.elcomercio.es\/cuervoalfageme\/wp-json\/wp\/v2\/types\/post"}],"author":[{"embeddable":true,"href":"https:\/\/blogs.elcomercio.es\/cuervoalfageme\/wp-json\/wp\/v2\/users\/4"}],"replies":[{"embeddable":true,"href":"https:\/\/blogs.elcomercio.es\/cuervoalfageme\/wp-json\/wp\/v2\/comments?post=1189"}],"version-history":[{"count":0,"href":"https:\/\/blogs.elcomercio.es\/cuervoalfageme\/wp-json\/wp\/v2\/posts\/1189\/revisions"}],"wp:attachment":[{"href":"https:\/\/blogs.elcomercio.es\/cuervoalfageme\/wp-json\/wp\/v2\/media?parent=1189"}],"wp:term":[{"taxonomy":"category","embeddable":true,"href":"https:\/\/blogs.elcomercio.es\/cuervoalfageme\/wp-json\/wp\/v2\/categories?post=1189"},{"taxonomy":"post_tag","embeddable":true,"href":"https:\/\/blogs.elcomercio.es\/cuervoalfageme\/wp-json\/wp\/v2\/tags?post=1189"}],"curies":[{"name":"wp","href":"https:\/\/api.w.org\/{rel}","templated":true}]}}