{"id":1196,"date":"2017-01-13T12:50:50","date_gmt":"2017-01-13T11:50:50","guid":{"rendered":"http:\/\/blogs.elcomercio.es\/cuervoalfageme\/?p=1196"},"modified":"2017-01-13T12:50:50","modified_gmt":"2017-01-13T11:50:50","slug":"duracion-de-los-contratos-de-arrendamiento-de-vivienda","status":"publish","type":"post","link":"https:\/\/blogs.elcomercio.es\/cuervoalfageme\/2017\/01\/13\/duracion-de-los-contratos-de-arrendamiento-de-vivienda\/","title":{"rendered":"Duraci\u00f3n de los contratos de arrendamiento de vivienda."},"content":{"rendered":"<p><span style=\"font-size: large;\">\u00a0 \u00a0 \u00a0Seg\u00fan la redacci\u00f3n actual de la Ley de Arrendamientos Urbanos, que es la que resulta aplicable a los contratos celebrados a partir de junio de 2013, si en el contrato de arrendamiento se pacta una duraci\u00f3n inferior a tres a\u00f1os, este puede prorrogarse por plazos anuales hasta alcanzar la duraci\u00f3n m\u00ednima de tres a\u00f1os. Para que \u00a0la pr\u00f3rroga no se produzca el inquilino debe comunicarlo al arrendador con al menos treinta d\u00edas de antelaci\u00f3n al \u00a0t\u00e9rmino de la duraci\u00f3n pactada o de cualquiera de las pr\u00f3rrogas. Durante estos tres primeros a\u00f1os el arrendador tiene que estar a lo que decida el arrendatario.<\/span><\/p>\n<p><span style=\"font-size: large;\">\u00a0 \u00a0 \u00a0Tras esos tres a\u00f1os a\u00fan cabe una nueva pr\u00f3rroga de un a\u00f1o m\u00e1s si ninguna de las partes notifica a la otra con igual antelaci\u00f3n su intenci\u00f3n de no prorrogarlo. Esta duraci\u00f3n podr\u00eda verse afectada por el hecho de que el arrendador quisiera recuperar la vivienda porque la necesita, o por un desistimiento del inquilino, siempre y cuando se cumplieran determinados requisitos.<\/span><\/p>\n<p><span style=\"font-size: large;\">\u00a0 \u00a0 \u00a0<a href=\"https:\/\/www.youtube.com\/watch?v=FEtlYWVKUxc\" rel=\"external nofollow\">Lo explicamos en este nuevo v\u00eddeo de nuestro canal de youtube.<\/a><\/span><\/p>\n<p style=\"text-align: center;\"><a href=\"\/cuervoalfageme\/wp-content\/uploads\/sites\/3\/2017\/01\/Screenshot_2017-01-13-12-44-182.png\"><img loading=\"lazy\" class=\" wp-image-1200 aligncenter\" title=\"Screenshot_2017-01-13-12-44-18\" src=\"\/cuervoalfageme\/wp-content\/uploads\/sites\/3\/2017\/01\/Screenshot_2017-01-13-12-44-182.png\" alt=\"\" width=\"768\" height=\"432\" srcset=\"https:\/\/static-blogs.elcomercio.es\/wp-content\/uploads\/sites\/3\/2017\/01\/Screenshot_2017-01-13-12-44-182.png 1280w, https:\/\/static-blogs.elcomercio.es\/wp-content\/uploads\/sites\/3\/2017\/01\/Screenshot_2017-01-13-12-44-182-300x169.png 300w, https:\/\/static-blogs.elcomercio.es\/wp-content\/uploads\/sites\/3\/2017\/01\/Screenshot_2017-01-13-12-44-182-768x432.png 768w, https:\/\/static-blogs.elcomercio.es\/wp-content\/uploads\/sites\/3\/2017\/01\/Screenshot_2017-01-13-12-44-182-1024x576.png 1024w\" sizes=\"(max-width: 768px) 100vw, 768px\" \/><\/a><\/p>\n<p>&nbsp;<\/p>\n<p>&nbsp;<\/p>\n<p>&nbsp;<\/p>\n<p>&nbsp;<\/p>\n<!-- AddThis Advanced Settings generic via filter on the_content --><!-- AddThis Share Buttons generic via filter on the_content -->","protected":false},"excerpt":{"rendered":"<p>\u00a0 \u00a0 \u00a0Seg\u00fan la redacci\u00f3n actual de la Ley de Arrendamientos Urbanos, que es la que resulta aplicable a los contratos celebrados a partir de junio de 2013, si en el contrato de arrendamiento se pacta una duraci\u00f3n inferior a tres a\u00f1os, este puede prorrogarse por plazos anuales hasta alcanzar la duraci\u00f3n m\u00ednima de tres [&hellip;]<!-- AddThis Advanced Settings generic via filter on get_the_excerpt --><!-- AddThis Share Buttons generic via filter on get_the_excerpt --><\/p>\n","protected":false},"author":4,"featured_media":0,"comment_status":"open","ping_status":"open","sticky":false,"template":"","format":"standard","meta":[],"categories":[3,10],"tags":[],"_links":{"self":[{"href":"https:\/\/blogs.elcomercio.es\/cuervoalfageme\/wp-json\/wp\/v2\/posts\/1196"}],"collection":[{"href":"https:\/\/blogs.elcomercio.es\/cuervoalfageme\/wp-json\/wp\/v2\/posts"}],"about":[{"href":"https:\/\/blogs.elcomercio.es\/cuervoalfageme\/wp-json\/wp\/v2\/types\/post"}],"author":[{"embeddable":true,"href":"https:\/\/blogs.elcomercio.es\/cuervoalfageme\/wp-json\/wp\/v2\/users\/4"}],"replies":[{"embeddable":true,"href":"https:\/\/blogs.elcomercio.es\/cuervoalfageme\/wp-json\/wp\/v2\/comments?post=1196"}],"version-history":[{"count":0,"href":"https:\/\/blogs.elcomercio.es\/cuervoalfageme\/wp-json\/wp\/v2\/posts\/1196\/revisions"}],"wp:attachment":[{"href":"https:\/\/blogs.elcomercio.es\/cuervoalfageme\/wp-json\/wp\/v2\/media?parent=1196"}],"wp:term":[{"taxonomy":"category","embeddable":true,"href":"https:\/\/blogs.elcomercio.es\/cuervoalfageme\/wp-json\/wp\/v2\/categories?post=1196"},{"taxonomy":"post_tag","embeddable":true,"href":"https:\/\/blogs.elcomercio.es\/cuervoalfageme\/wp-json\/wp\/v2\/tags?post=1196"}],"curies":[{"name":"wp","href":"https:\/\/api.w.org\/{rel}","templated":true}]}}