{"id":1286,"date":"2017-02-15T09:22:28","date_gmt":"2017-02-15T08:22:28","guid":{"rendered":"http:\/\/blogs.elcomercio.es\/cuervoalfageme\/?p=1286"},"modified":"2017-02-15T09:22:28","modified_gmt":"2017-02-15T08:22:28","slug":"ruptura-de-pareja-de-hecho-con-hijos-3","status":"publish","type":"post","link":"https:\/\/blogs.elcomercio.es\/cuervoalfageme\/2017\/02\/15\/ruptura-de-pareja-de-hecho-con-hijos-3\/","title":{"rendered":"Ruptura de pareja de hecho con hijos."},"content":{"rendered":"<p><span style=\"font-size: medium;\"><strong>Almudena y Javier llevan viviendo juntos tres a\u00f1os. Nunca se han inscrito como pareja de hecho en ning\u00fan registro administrativo ni se han casado. La relaci\u00f3n no va bien y est\u00e1n pensando separarse pero no saben qu\u00e9 tr\u00e1mites han de seguir. Tienen un hijo en com\u00fan y ya han decidido dejar el alquiler que estaban compartiendo y buscarse una vivienda cada uno de forma independiente.<\/strong><\/span><\/p>\n<p><span style=\"font-size: medium;\">Al no estar casados no es necesario realizar ning\u00fan tr\u00e1mite judicial para formalizar la ruptura ni tampoco es preciso realizar ninguna gesti\u00f3n administrativa para terminar con la pareja de hecho dado que no os hab\u00e9is registrado como tal.<\/span><\/p>\n<p><span style=\"font-size: medium;\">No obstante, esto se refiere estrictamente a vuestra relaci\u00f3n pero no a vuestra situaci\u00f3n como padres de un hijo en com\u00fan. Para esta cuesti\u00f3n s\u00ed es que preciso iniciar un procedimiento judicial para resolver los siguientes temas: sistema de custodia y, en su caso visitas, y pensi\u00f3n de alimentos. Este procedimiento puede plantearse por acuerdo entre ambos o de forma contenciosa si tal acuerdo no se alcanza y para el mismo necesit\u00e1is abogado y procurador.\u00a0<\/span><\/p>\n<p><span style=\"font-size: medium;\"><strong>M\u00e1s art\u00edculos, consultas y v\u00eddeos en:<\/strong><\/span><\/p>\n<p><span style=\"font-size: medium;\"><a href=\"http:\/\/www.cuervoalfageme.com\/\" rel=\"external nofollow\">http:\/\/www.cuervoalfageme.com\/<\/a><\/span><\/p>\n<p><span style=\"font-size: medium;\"><a href=\"https:\/\/www.facebook.com\/cuervoalfageme.abogados\" rel=\"external nofollow\">https:\/\/www.facebook.com\/cuervoalfageme.abogados<\/a><\/span><\/p>\n<p><span style=\"font-size: medium;\"><a href=\"https:\/\/twitter.com\/CuervoAlfageme\" rel=\"external nofollow\">https:\/\/twitter.com\/CuervoAlfageme<\/a><\/span><\/p>\n<p><span style=\"font-size: medium;\"><a href=\"https:\/\/www.youtube.com\/user\/cuervoalfageme\" rel=\"external nofollow\">https:\/\/www.youtube.com\/user\/cuervoalfageme<\/a><\/span><\/p>\n<!-- AddThis Advanced Settings generic via filter on the_content --><!-- AddThis Share Buttons generic via filter on the_content -->","protected":false},"excerpt":{"rendered":"<p>Almudena y Javier llevan viviendo juntos tres a\u00f1os. Nunca se han inscrito como pareja de hecho en ning\u00fan registro administrativo ni se han casado. La relaci\u00f3n no va bien y est\u00e1n pensando separarse pero no saben qu\u00e9 tr\u00e1mites han de seguir. Tienen un hijo en com\u00fan y ya han decidido dejar el alquiler que estaban [&hellip;]<!-- AddThis Advanced Settings generic via filter on get_the_excerpt --><!-- AddThis Share Buttons generic via filter on get_the_excerpt --><\/p>\n","protected":false},"author":4,"featured_media":0,"comment_status":"open","ping_status":"open","sticky":false,"template":"","format":"standard","meta":[],"categories":[9],"tags":[],"_links":{"self":[{"href":"https:\/\/blogs.elcomercio.es\/cuervoalfageme\/wp-json\/wp\/v2\/posts\/1286"}],"collection":[{"href":"https:\/\/blogs.elcomercio.es\/cuervoalfageme\/wp-json\/wp\/v2\/posts"}],"about":[{"href":"https:\/\/blogs.elcomercio.es\/cuervoalfageme\/wp-json\/wp\/v2\/types\/post"}],"author":[{"embeddable":true,"href":"https:\/\/blogs.elcomercio.es\/cuervoalfageme\/wp-json\/wp\/v2\/users\/4"}],"replies":[{"embeddable":true,"href":"https:\/\/blogs.elcomercio.es\/cuervoalfageme\/wp-json\/wp\/v2\/comments?post=1286"}],"version-history":[{"count":0,"href":"https:\/\/blogs.elcomercio.es\/cuervoalfageme\/wp-json\/wp\/v2\/posts\/1286\/revisions"}],"wp:attachment":[{"href":"https:\/\/blogs.elcomercio.es\/cuervoalfageme\/wp-json\/wp\/v2\/media?parent=1286"}],"wp:term":[{"taxonomy":"category","embeddable":true,"href":"https:\/\/blogs.elcomercio.es\/cuervoalfageme\/wp-json\/wp\/v2\/categories?post=1286"},{"taxonomy":"post_tag","embeddable":true,"href":"https:\/\/blogs.elcomercio.es\/cuervoalfageme\/wp-json\/wp\/v2\/tags?post=1286"}],"curies":[{"name":"wp","href":"https:\/\/api.w.org\/{rel}","templated":true}]}}