{"id":1352,"date":"2017-03-08T13:19:44","date_gmt":"2017-03-08T12:19:44","guid":{"rendered":"http:\/\/blogs.elcomercio.es\/cuervoalfageme\/?p=1352"},"modified":"2017-03-08T13:19:44","modified_gmt":"2017-03-08T12:19:44","slug":"si-eres-mujer-quierete","status":"publish","type":"post","link":"https:\/\/blogs.elcomercio.es\/cuervoalfageme\/2017\/03\/08\/si-eres-mujer-quierete\/","title":{"rendered":"S\u00ed, eres mujer. Qui\u00e9rete!"},"content":{"rendered":"<p><span style=\"font-size: medium;\"><a href=\"\/cuervoalfageme\/wp-content\/uploads\/sites\/3\/2017\/03\/IMG_1567.jpg\"><img loading=\"lazy\" class=\"alignleft  wp-image-1353\" style=\"margin: 10px;\" title=\"IMG_1567\" src=\"\/cuervoalfageme\/wp-content\/uploads\/sites\/3\/2017\/03\/IMG_1567.jpg\" alt=\"\" width=\"293\" height=\"313\" srcset=\"https:\/\/static-blogs.elcomercio.es\/wp-content\/uploads\/sites\/3\/2017\/03\/IMG_1567.jpg 815w, https:\/\/static-blogs.elcomercio.es\/wp-content\/uploads\/sites\/3\/2017\/03\/IMG_1567-281x300.jpg 281w, https:\/\/static-blogs.elcomercio.es\/wp-content\/uploads\/sites\/3\/2017\/03\/IMG_1567-768x819.jpg 768w\" sizes=\"(max-width: 293px) 100vw, 293px\" \/><\/a><\/span><\/p>\n<p>&nbsp;<\/p>\n<p><span style=\"font-size: medium;\">Creo que vamos a ser pol\u00edticamente incorrectas, pero tenemos que decirlo. \u00bfPor qu\u00e9 se supone que es peor ser mujer? \u00bfPor qu\u00e9 se supone que lo tenemos m\u00e1s dif\u00edcil en el trabajo y en la familia?<\/span><\/p>\n<p><span style=\"font-size: medium;\">Nosotras no lo creemos en absoluto. S\u00ed, es posible que sea as\u00ed por nuestra experiencia personal. Pero no somos seres aislados del mundo. Aparte de lo que cada d\u00eda aprendemos de la vida, llevamos m\u00e1s de veinte a\u00f1os en contacto con muchas otras mujeres y hombres con todo tipo de problemas y puesto que una de nuestras especialidades es el derecho de familia son incontables las familias que conocemos y por si fuera poco, familias con problemas.<\/span><\/p>\n<p><span style=\"font-size: medium;\">Y una cosa hemos podido comprobar: el primer enemigo de la mujer puede ser ella misma.<\/span><\/p>\n<p><span style=\"font-size: medium;\">\u00bfQu\u00e9 hay mucho que hacer desde el punto de vista legal? S\u00ed, se pueden mejorar algunas cosas. Pero de poco valen si nosotras no nos valoramos, no nos damos el sitio que nos merecemos y no hacemos por merecerlo.<\/span><\/p>\n<p><span style=\"font-size: medium;\">Primero y por encima de todo: deja de quejarte. Piensa en positivo. \u00bfQu\u00e9 es lo m\u00e1s valioso en este mundo? El tiempo. S\u00ed, el tiempo que vamos a vivir. No se puede comprar. Cada d\u00eda para gastar es un tesoro. Quienes hemos perdido seres queridos o hemos vivido de cerca graves problemas de salud lo sabemos bien. Piensa que solo por ser mujer tienes unos diez a\u00f1os m\u00e1s de esperanza de vida estad\u00edsticamente hablando. Solo tienes que cuidarte un poquito, porque tu gen\u00e9tica hace el resto. Este regalo con el que nacemos me parece que es una discriminaci\u00f3n positiva que nos hace la madre naturaleza y que poco agradecemos\u2026 Se sincera, \u00bfte cambiarias por un hombre? Nosotras no.<\/span><\/p>\n<p><span style=\"font-size: medium;\">Segundo. Traer ni\u00f1os al mundo es algo que t\u00fa decides. Elige bien con quien lo haces y cuando lo haces\u00a0 y luego no te quejes. La maternidad aporta muchas cosas positivas. Muchas. Pero implica responsabilidades y mucho tiempo que hay que invertir. Simplemente es as\u00ed. Y puede ser maravilloso cuando lo decides con cabeza y compartes los cuidados con tu pareja. Si no quieres hijos no los tengas. No pasa nada. Si no quieres a tu lado un hombre machista no elijas a un hombre machista. Pensamos que antes de tener un hijo hay que hablar algunas cosas sobre c\u00f3mo se va a plantear la organizaci\u00f3n dom\u00e9stica y la educaci\u00f3n de los ni\u00f1os. El amor no es suficiente.<\/span><\/p>\n<p><span style=\"font-size: medium;\">Tercero. \u00bfQu\u00e9 ser madre va a afectar a tu trabajo? Claro, pero la medida depende de ti y de tus prioridades. T\u00fa eliges. Disfruta de la elecci\u00f3n. Nuestro consejo es que no pierdas nunca tu independencia econ\u00f3mica y nunca dejes de prestar atenci\u00f3n a tu formaci\u00f3n y experiencia. Se puede trabajar y ser madre. De la misma manera se puede trabajar y ser padre. Es m\u00e1s f\u00e1cil si los dos miembros de la pareja concilian por igual. Para eso tienes que tener claras dos cosas: tener una pareja que se implique y ser una mujer dispuesta a ceder el 50% del control dom\u00e9stico. A veces es m\u00e1s dif\u00edcil lo segundo que lo primero. Dale a tu pareja una oportunidad. Cr\u00eda a tus hijos d\u00e1ndoles ejemplo, desde la igualdad y el esp\u00edritu positivo. Si t\u00fa no eres capaz de hacer de tu hogar un espacio tranquilo donde todos participen \u00bfc\u00f3mo esperas que puedan hacerlo ellos?<\/span><\/p>\n<p><span style=\"font-size: medium;\">Cuarto. \u00bfNo eres feliz? Bueno eso es una utop\u00eda. Si tu objetivo es ser feliz de continuo ser\u00e1s una mujer insatisfecha de por vida. Piensa mejor si estas contenta o no con tu vida. \u00bfNo lo est\u00e1s? No creo que tenga mucho que ver con ser mujer. Quita la venda de tus ojos y no intentes echar la culpa a los dem\u00e1s por tus problemas. Analiza tu parte de responsabilidad, piensa qu\u00e9 quieres en tu vida, da pasos para conseguirlo. Si te cuesta dar un gran paso, simplemente avanza a pasos peque\u00f1os. No aceptes cosas que te parezcan inaceptables para luego quejarte. Se asertiva, no creas que tu pareja tiene que imaginar lo que pasa por tu mente. Expl\u00edcate y hazlo desde el cari\u00f1o. \u00bfSi no hay cari\u00f1o? Entonces tienes un problema que resolver. Si tu relaci\u00f3n es t\u00f3xica sal de ah\u00ed. Busca soluciones.<\/span><\/p>\n<p><span style=\"font-size: medium;\">Y para terminar, disfruta y cuida a tus amigos y amigas y por supuesto de tus familiares incondicionales. Todo es m\u00e1s sencillo en esta vida cuando te dejas querer y quieres por igual.<\/span><\/p>\n<p><span style=\"font-size: medium;\">Por favor, qui\u00e9rete.\u00a0<\/span><\/p>\n<p>&nbsp;<\/p>\n<p><span style=\"font-size: medium;\"><strong>M\u00e1s informaci\u00f3n, consultas, v\u00eddeos, art\u00edculos\u2026 aqu\u00ed:<\/strong><\/span><\/p>\n<p><span style=\"font-size: medium;\"><a title=\"Nuestra web\" href=\"http:\/\/www.cuervoalfageme.com\/\" rel=\"external nofollow\">http:\/\/www.cuervoalfageme.com\/<\/a><\/span><\/p>\n<p><span style=\"font-size: medium;\"><a title=\"Facebook\" href=\"https:\/\/www.facebook.com\/cuervoalfageme.abogados\" rel=\"external nofollow\">https:\/\/www.facebook.com\/cuervoalfageme.abogados<\/a><\/span><\/p>\n<p><span style=\"font-size: medium;\"><a title=\"Twitter\" href=\"https:\/\/twitter.com\/CuervoAlfageme\" rel=\"external nofollow\">https:\/\/twitter.com\/CuervoAlfageme<\/a><\/span><\/p>\n<p><span style=\"font-size: medium;\"><a title=\"Youtube\" href=\"https:\/\/www.youtube.com\/user\/cuervoalfageme\" rel=\"external nofollow\">https:\/\/www.youtube.com\/user\/cuervoalfageme<\/a><\/span><\/p>\n<p>&nbsp;<\/p>\n<!-- AddThis Advanced Settings generic via filter on the_content --><!-- AddThis Share Buttons generic via filter on the_content -->","protected":false},"excerpt":{"rendered":"<p>&nbsp; Creo que vamos a ser pol\u00edticamente incorrectas, pero tenemos que decirlo. \u00bfPor qu\u00e9 se supone que es peor ser mujer? \u00bfPor qu\u00e9 se supone que lo tenemos m\u00e1s dif\u00edcil en el trabajo y en la familia? Nosotras no lo creemos en absoluto. S\u00ed, es posible que sea as\u00ed por nuestra experiencia personal. Pero no [&hellip;]<!-- AddThis Advanced Settings generic via filter on get_the_excerpt --><!-- AddThis Share Buttons generic via filter on get_the_excerpt --><\/p>\n","protected":false},"author":4,"featured_media":0,"comment_status":"open","ping_status":"open","sticky":false,"template":"","format":"standard","meta":[],"categories":[6],"tags":[],"_links":{"self":[{"href":"https:\/\/blogs.elcomercio.es\/cuervoalfageme\/wp-json\/wp\/v2\/posts\/1352"}],"collection":[{"href":"https:\/\/blogs.elcomercio.es\/cuervoalfageme\/wp-json\/wp\/v2\/posts"}],"about":[{"href":"https:\/\/blogs.elcomercio.es\/cuervoalfageme\/wp-json\/wp\/v2\/types\/post"}],"author":[{"embeddable":true,"href":"https:\/\/blogs.elcomercio.es\/cuervoalfageme\/wp-json\/wp\/v2\/users\/4"}],"replies":[{"embeddable":true,"href":"https:\/\/blogs.elcomercio.es\/cuervoalfageme\/wp-json\/wp\/v2\/comments?post=1352"}],"version-history":[{"count":0,"href":"https:\/\/blogs.elcomercio.es\/cuervoalfageme\/wp-json\/wp\/v2\/posts\/1352\/revisions"}],"wp:attachment":[{"href":"https:\/\/blogs.elcomercio.es\/cuervoalfageme\/wp-json\/wp\/v2\/media?parent=1352"}],"wp:term":[{"taxonomy":"category","embeddable":true,"href":"https:\/\/blogs.elcomercio.es\/cuervoalfageme\/wp-json\/wp\/v2\/categories?post=1352"},{"taxonomy":"post_tag","embeddable":true,"href":"https:\/\/blogs.elcomercio.es\/cuervoalfageme\/wp-json\/wp\/v2\/tags?post=1352"}],"curies":[{"name":"wp","href":"https:\/\/api.w.org\/{rel}","templated":true}]}}