{"id":1456,"date":"2017-05-10T13:46:44","date_gmt":"2017-05-10T11:46:44","guid":{"rendered":"http:\/\/blogs.elcomercio.es\/cuervoalfageme\/?p=1456"},"modified":"2017-05-10T13:46:44","modified_gmt":"2017-05-10T11:46:44","slug":"si-no-lo-tienes-claro-compra-un-peluche","status":"publish","type":"post","link":"https:\/\/blogs.elcomercio.es\/cuervoalfageme\/2017\/05\/10\/si-no-lo-tienes-claro-compra-un-peluche\/","title":{"rendered":"Si no lo tienes claro, compra un peluche."},"content":{"rendered":"<p><a href=\"http:\/\/blogs-new.elcomercio.es\/cuervoalfageme\/wp-content\/uploads\/sites\/3\/2017\/05\/Blog-1.jpg\" rel=\"external nofollow\"><img loading=\"lazy\" class=\"alignnone size-full wp-image-1458\" src=\"\/\/blogs-new.elcomercio.es\/cuervoalfageme\/wp-content\/uploads\/sites\/3\/2017\/05\/Blog-1.jpg\" alt=\"blog\" width=\"1191\" height=\"794\" \/><\/a><\/p>\n<p><em>(Foto: Thor de Bigote de Gato)<\/em><\/p>\n<p>Es tan f\u00e1cil dejarse convencer. A los ni\u00f1os les vuelven locos los animales y han prometido encargarse ellos solos de su cuidado y t\u00fa vas a esa tienda y les ves tan tiernos, tan indefensos, tan peque\u00f1os\u2026 Adem\u00e1s hablan maravillas del efecto terap\u00e9utico de los perros y los gatos: tranquilizan, socializan, ayudan a asumir responsabilidades a los ni\u00f1os\u2026<\/p>\n<p>Todo eso es cierto pero igualmente es cierta una segunda parte que es mucho m\u00e1s importante que la primera y que indefectiblemente la acompa\u00f1a. Antes de adquirir un animal hay que pararse a pensar en todo lo que este conlleva porque su tenencia est\u00e1 expresamente regulada en nuestra legislaci\u00f3n y su incumplimiento conlleva importantes sanciones, incluso penales. Cierto que las leyes en materia de protecci\u00f3n de animales son mejorables pero cierto tambi\u00e9n que existen y que cada vez m\u00e1s nos encontramos con sentencias que las imponen penas y multas aquellos que las infringen.<\/p>\n<p>Tener un animal implica, lo primero de todo, elegir bien. Debemos ser muy conscientes del espacio y tiempo del que disponemos a la hora de escoger especie y raza. Igual de importante es no dejarse llevar por modas o elegir especies extravagantes que requieran cuidados que seamos incapaces de procurar. Hacer un estudio previo es fundamental.<\/p>\n<p>Adem\u00e1s debemos contar con los gastos y obligaciones que va a implicar: veterinario para vacunas y control y cuando tenga alguna enfermedad, chip y alta en registro, comida adecuada, salidas, ejercicio y tambi\u00e9n atenci\u00f3n, juegos\u2026 Si optamos por un perro de una raza de las consideradas peligrosas estas obligaciones son m\u00e1s amplias y si nos decidimos por una especie ex\u00f3tica tambi\u00e9n. Casi todas estas obligaciones est\u00e1n recogidas en leyes auton\u00f3micas y alguna estatal y su incumplimiento es una infracci\u00f3n sancionable.<\/p>\n<p>En cualquier caso cuidar a un animal no es tan solo cumplir para evitar una multa\u2026 es mucho m\u00e1s. Y, por supuesto, no es una opci\u00f3n el abandono cuando lleguen las primeras vacaciones y no sepamos que hacer con \u00e9l, cuando el animal crezca y ya no haga tanta gracia, o cuando nos deje de apetecer cuidarlo. Tanto el abandono como el maltrato son delito en nuestro C\u00f3digo Penal adem\u00e1s de una conducta claramente antisocial.<\/p>\n<p>Por este motivo, si no est\u00e1s dispuesto a cuidar y a querer a un animal hasta el final de su vida, mejor compra o regala un peluche.<\/p>\n<p>Y si s\u00ed lo est\u00e1s, una vez calculadas y asumidas todas tus responsabilidades, no compres, adopta. Da oportunidad a uno que no tuvo la suerte de encontrar a alguien como t\u00fa. y de paso deja hueco en esa protectora a otro que todav\u00eda se encuentra en la calle.<\/p>\n<p>&nbsp;<\/p>\n<p>M\u00e1s curiosidades jur\u00eddicas si nos sigues aqu\u00ed:<\/p>\n<p><a href=\"http:\/\/www.cuervoalfageme.com\/\" rel=\"external nofollow\">Nuestra Web<\/a><\/p>\n<p><a href=\"https:\/\/www.facebook.com\/cuervoalfageme.abogados\" rel=\"external nofollow\">Facebook<\/a><\/p>\n<p><a href=\"https:\/\/twitter.com\/CuervoAlfageme\" rel=\"external nofollow\">Twitter<\/a><\/p>\n<p><a href=\"https:\/\/www.youtube.com\/user\/cuervoalfageme\" rel=\"external nofollow\">Canal de Youtube<\/a><\/p>\n<!-- AddThis Advanced Settings generic via filter on the_content --><!-- AddThis Share Buttons generic via filter on the_content -->","protected":false},"excerpt":{"rendered":"<p>(Foto: Thor de Bigote de Gato) Es tan f\u00e1cil dejarse convencer. A los ni\u00f1os les vuelven locos los animales y han prometido encargarse ellos solos de su cuidado y t\u00fa vas a esa tienda y les ves tan tiernos, tan indefensos, tan peque\u00f1os\u2026 Adem\u00e1s hablan maravillas del efecto terap\u00e9utico de los perros y los gatos: [&hellip;]<!-- AddThis Advanced Settings generic via filter on get_the_excerpt --><!-- AddThis Share Buttons generic via filter on get_the_excerpt --><\/p>\n","protected":false},"author":4,"featured_media":0,"comment_status":"open","ping_status":"open","sticky":false,"template":"","format":"standard","meta":[],"categories":[1],"tags":[],"_links":{"self":[{"href":"https:\/\/blogs.elcomercio.es\/cuervoalfageme\/wp-json\/wp\/v2\/posts\/1456"}],"collection":[{"href":"https:\/\/blogs.elcomercio.es\/cuervoalfageme\/wp-json\/wp\/v2\/posts"}],"about":[{"href":"https:\/\/blogs.elcomercio.es\/cuervoalfageme\/wp-json\/wp\/v2\/types\/post"}],"author":[{"embeddable":true,"href":"https:\/\/blogs.elcomercio.es\/cuervoalfageme\/wp-json\/wp\/v2\/users\/4"}],"replies":[{"embeddable":true,"href":"https:\/\/blogs.elcomercio.es\/cuervoalfageme\/wp-json\/wp\/v2\/comments?post=1456"}],"version-history":[{"count":3,"href":"https:\/\/blogs.elcomercio.es\/cuervoalfageme\/wp-json\/wp\/v2\/posts\/1456\/revisions"}],"predecessor-version":[{"id":1461,"href":"https:\/\/blogs.elcomercio.es\/cuervoalfageme\/wp-json\/wp\/v2\/posts\/1456\/revisions\/1461"}],"wp:attachment":[{"href":"https:\/\/blogs.elcomercio.es\/cuervoalfageme\/wp-json\/wp\/v2\/media?parent=1456"}],"wp:term":[{"taxonomy":"category","embeddable":true,"href":"https:\/\/blogs.elcomercio.es\/cuervoalfageme\/wp-json\/wp\/v2\/categories?post=1456"},{"taxonomy":"post_tag","embeddable":true,"href":"https:\/\/blogs.elcomercio.es\/cuervoalfageme\/wp-json\/wp\/v2\/tags?post=1456"}],"curies":[{"name":"wp","href":"https:\/\/api.w.org\/{rel}","templated":true}]}}