{"id":1681,"date":"2018-01-09T19:34:25","date_gmt":"2018-01-09T18:34:25","guid":{"rendered":"http:\/\/blogs.elcomercio.es\/cuervoalfageme\/?p=1681"},"modified":"2018-01-09T19:34:25","modified_gmt":"2018-01-09T18:34:25","slug":"alquilar-una-vivienda-amueblada","status":"publish","type":"post","link":"https:\/\/blogs.elcomercio.es\/cuervoalfageme\/2018\/01\/09\/alquilar-una-vivienda-amueblada\/","title":{"rendered":"Alquilar una vivienda amueblada."},"content":{"rendered":"<p align=\"JUSTIFY\"><strong><a href=\"https:\/\/static-blogs.elcomercio.es\/wp-content\/uploads\/sites\/3\/2018\/01\/Blog-1.jpg\"><img loading=\"lazy\" class=\"aligncenter size-full wp-image-1683\" src=\"https:\/\/static-blogs.elcomercio.es\/wp-content\/uploads\/sites\/3\/2018\/01\/Blog-1.jpg\" alt=\"blog\" width=\"960\" height=\"635\" srcset=\"https:\/\/static-blogs.elcomercio.es\/wp-content\/uploads\/sites\/3\/2018\/01\/Blog-1.jpg 960w, https:\/\/static-blogs.elcomercio.es\/wp-content\/uploads\/sites\/3\/2018\/01\/Blog-1-300x198.jpg 300w, https:\/\/static-blogs.elcomercio.es\/wp-content\/uploads\/sites\/3\/2018\/01\/Blog-1-768x508.jpg 768w\" sizes=\"(max-width: 960px) 100vw, 960px\" \/><\/a><\/strong><\/p>\n<p align=\"JUSTIFY\">\n<p align=\"JUSTIFY\"><strong>M\u00f3nica ha heredado un piso que era propiedad de su madre. Se est\u00e1 planteando alquilarlo tal como est\u00e1, con muebles, y quiere saber por c\u00faanto tiempo quedar\u00e1 obligada en caso de que lo haga y si al alquilarlo con muebles puede exigir una fianza mayor.<\/strong><\/p>\n<p align=\"JUSTIFY\">La fianza en el arrendamiento de vivienda que se destina a vivienda habitual es el importe equivalente a una mensualidad de renta, se trate de una vivienda amueblada o no. Ahora bien, es recomendable incluir un inventario detallado en el contrato incluyendo la descripci\u00f3n de los bienes existentes en cada habitaci\u00f3n e, incluso, si es posible fotos del estado de los mismos. Adem\u00e1s, en la medida de lo posible, es interesante exigir alguna garant\u00eda adicional como, por ejemplo, un fiador solidario o un aval bancario.<\/p>\n<p align=\"JUSTIFY\">En cuanto a la duraci\u00f3n, puede estipularse en el contrato la que las partes deseen. No obstante, el tiempo m\u00ednimo para los nuevos contratos, siempre y cuando el inquilino quiera hacer uso de este derecho, es de tres a\u00f1os. Por otro lado, la nueva regulaci\u00f3n incluye la posibilidad de que el inquilino desista del contrato antes de su finalizaci\u00f3n o de que el arrendador pueda recuperar la vivienda antes de tiempo siempre y cuando concurran determinadas circunstancias.<\/p>\n<p align=\"JUSTIFY\">\n<p align=\"JUSTIFY\">Si tienes m\u00e1s dudas o curiosidades jur\u00eddicas, s\u00edguenos&#8230;<\/p>\n<p align=\"JUSTIFY\"><a href=\"http:\/\/www.cuervoalfageme.com\" rel=\"external nofollow\">Web<\/a><\/p>\n<p align=\"JUSTIFY\"><a href=\"https:\/\/www.facebook.com\/cuervoalfageme.abogados\" rel=\"external nofollow\">Facebook<\/a><\/p>\n<p align=\"JUSTIFY\"><a href=\"https:\/\/twitter.com\/CuervoAlfageme?lang=es\" rel=\"external nofollow\">Twitter<\/a><\/p>\n<p align=\"JUSTIFY\"><a href=\"https:\/\/www.youtube.com\/user\/cuervoalfageme\" rel=\"external nofollow\">Youtube<\/a><\/p>\n<!-- AddThis Advanced Settings generic via filter on the_content --><!-- AddThis Share Buttons generic via filter on the_content -->","protected":false},"excerpt":{"rendered":"<p>M\u00f3nica ha heredado un piso que era propiedad de su madre. Se est\u00e1 planteando alquilarlo tal como est\u00e1, con muebles, y quiere saber por c\u00faanto tiempo quedar\u00e1 obligada en caso de que lo haga y si al alquilarlo con muebles puede exigir una fianza mayor. La fianza en el arrendamiento de vivienda que se destina [&hellip;]<!-- AddThis Advanced Settings generic via filter on get_the_excerpt --><!-- AddThis Share Buttons generic via filter on get_the_excerpt --><\/p>\n","protected":false},"author":4,"featured_media":0,"comment_status":"open","ping_status":"open","sticky":false,"template":"","format":"standard","meta":[],"categories":[1],"tags":[],"_links":{"self":[{"href":"https:\/\/blogs.elcomercio.es\/cuervoalfageme\/wp-json\/wp\/v2\/posts\/1681"}],"collection":[{"href":"https:\/\/blogs.elcomercio.es\/cuervoalfageme\/wp-json\/wp\/v2\/posts"}],"about":[{"href":"https:\/\/blogs.elcomercio.es\/cuervoalfageme\/wp-json\/wp\/v2\/types\/post"}],"author":[{"embeddable":true,"href":"https:\/\/blogs.elcomercio.es\/cuervoalfageme\/wp-json\/wp\/v2\/users\/4"}],"replies":[{"embeddable":true,"href":"https:\/\/blogs.elcomercio.es\/cuervoalfageme\/wp-json\/wp\/v2\/comments?post=1681"}],"version-history":[{"count":1,"href":"https:\/\/blogs.elcomercio.es\/cuervoalfageme\/wp-json\/wp\/v2\/posts\/1681\/revisions"}],"predecessor-version":[{"id":1684,"href":"https:\/\/blogs.elcomercio.es\/cuervoalfageme\/wp-json\/wp\/v2\/posts\/1681\/revisions\/1684"}],"wp:attachment":[{"href":"https:\/\/blogs.elcomercio.es\/cuervoalfageme\/wp-json\/wp\/v2\/media?parent=1681"}],"wp:term":[{"taxonomy":"category","embeddable":true,"href":"https:\/\/blogs.elcomercio.es\/cuervoalfageme\/wp-json\/wp\/v2\/categories?post=1681"},{"taxonomy":"post_tag","embeddable":true,"href":"https:\/\/blogs.elcomercio.es\/cuervoalfageme\/wp-json\/wp\/v2\/tags?post=1681"}],"curies":[{"name":"wp","href":"https:\/\/api.w.org\/{rel}","templated":true}]}}