{"id":1686,"date":"2018-01-11T18:51:01","date_gmt":"2018-01-11T17:51:01","guid":{"rendered":"http:\/\/blogs.elcomercio.es\/cuervoalfageme\/?p=1686"},"modified":"2018-01-11T18:51:01","modified_gmt":"2018-01-11T17:51:01","slug":"cuanto-hay-que-esperar-para-demandar-a-un-inquilino-que-no-paga","status":"publish","type":"post","link":"https:\/\/blogs.elcomercio.es\/cuervoalfageme\/2018\/01\/11\/cuanto-hay-que-esperar-para-demandar-a-un-inquilino-que-no-paga\/","title":{"rendered":"\u00bfCu\u00e1nto hay que esperar para demandar a un inquilino que no paga?"},"content":{"rendered":"<p><a href=\"https:\/\/static-blogs.elcomercio.es\/wp-content\/uploads\/sites\/3\/2018\/01\/Blog-2.jpg\"><img loading=\"lazy\" class=\"aligncenter size-full wp-image-1688\" src=\"https:\/\/static-blogs.elcomercio.es\/wp-content\/uploads\/sites\/3\/2018\/01\/Blog-2.jpg\" alt=\"blog\" width=\"960\" height=\"640\" srcset=\"https:\/\/static-blogs.elcomercio.es\/wp-content\/uploads\/sites\/3\/2018\/01\/Blog-2.jpg 960w, https:\/\/static-blogs.elcomercio.es\/wp-content\/uploads\/sites\/3\/2018\/01\/Blog-2-300x200.jpg 300w, https:\/\/static-blogs.elcomercio.es\/wp-content\/uploads\/sites\/3\/2018\/01\/Blog-2-768x512.jpg 768w\" sizes=\"(max-width: 960px) 100vw, 960px\" \/><\/a><\/p>\n<p><strong>Arturo es propietario de una vivienda arrendada. Sabe que el inquilino ha perdido su trabajo por lo que teme que deje de pagar la renta. Nos pregunta cu\u00e1ntos meses de impago son necesarios antes de poder desahuciarlo y si hay que hacer alg\u00fan tr\u00e1mite antes de poner una demanda.<\/strong><\/p>\n<p>Se puede iniciar un procedimiento judicial de desahucio y de reclamaci\u00f3n de cantidades adeudadas desde el primer impago. Antes de presentar la demanda es posible hacer un requerimiento previo al inquilino concedi\u00e9ndole un plazo de treinta d\u00edas para ponerse al d\u00eda. Si tras este tiempo no cumple con sus obligaciones y se presenta una demanda de desahucio ya no podr\u00e1 evitar el desalojo pagando posteriormente.<\/p>\n<p>En caso de no hacerse este requerimiento previo el arrendatario podr\u00eda evitar el desahucio pagando todo lo que debe hasta ese momento y debiendo abonar tambi\u00e9n las costas del procedimiento. Solamente es posible parar la acci\u00f3n de este modo una sola vez.<\/p>\n<p>Si en contrato de arrendamiento incluye un avalista es necesario requerirle antes de presentar la demanda para que tenga conocimiento de la deuda y est\u00e9 en disposici\u00f3n de pagar antes de ser demandado junto con el inquilino.<\/p>\n<p>&nbsp;<\/p>\n<p>Si tienes m\u00e1s dudas o curiosidades jur\u00eddicas, s\u00edguenos&#8230;<\/p>\n<p><a href=\"http:\/\/www.cuervoalfageme.com\" rel=\"external nofollow\">Web<\/a><\/p>\n<p><a href=\"https:\/\/www.facebook.com\/cuervoalfageme.abogados\" rel=\"external nofollow\">Facebook<\/a><a href=\"https:\/\/static-blogs.elcomercio.es\/wp-content\/uploads\/sites\/3\/2018\/01\/Blog-2.jpg\"><br \/>\n<\/a><\/p>\n<p><a href=\"https:\/\/twitter.com\/CuervoAlfageme?lang=es\" rel=\"external nofollow\">Twitter<\/a><\/p>\n<p><a href=\"https:\/\/www.youtube.com\/user\/cuervoalfageme\" rel=\"external nofollow\">Youtube<\/a><\/p>\n<!-- AddThis Advanced Settings generic via filter on the_content --><!-- AddThis Share Buttons generic via filter on the_content -->","protected":false},"excerpt":{"rendered":"<p>Arturo es propietario de una vivienda arrendada. Sabe que el inquilino ha perdido su trabajo por lo que teme que deje de pagar la renta. Nos pregunta cu\u00e1ntos meses de impago son necesarios antes de poder desahuciarlo y si hay que hacer alg\u00fan tr\u00e1mite antes de poner una demanda. Se puede iniciar un procedimiento judicial [&hellip;]<!-- AddThis Advanced Settings generic via filter on get_the_excerpt --><!-- AddThis Share Buttons generic via filter on get_the_excerpt --><\/p>\n","protected":false},"author":4,"featured_media":0,"comment_status":"open","ping_status":"open","sticky":false,"template":"","format":"standard","meta":[],"categories":[1],"tags":[],"_links":{"self":[{"href":"https:\/\/blogs.elcomercio.es\/cuervoalfageme\/wp-json\/wp\/v2\/posts\/1686"}],"collection":[{"href":"https:\/\/blogs.elcomercio.es\/cuervoalfageme\/wp-json\/wp\/v2\/posts"}],"about":[{"href":"https:\/\/blogs.elcomercio.es\/cuervoalfageme\/wp-json\/wp\/v2\/types\/post"}],"author":[{"embeddable":true,"href":"https:\/\/blogs.elcomercio.es\/cuervoalfageme\/wp-json\/wp\/v2\/users\/4"}],"replies":[{"embeddable":true,"href":"https:\/\/blogs.elcomercio.es\/cuervoalfageme\/wp-json\/wp\/v2\/comments?post=1686"}],"version-history":[{"count":2,"href":"https:\/\/blogs.elcomercio.es\/cuervoalfageme\/wp-json\/wp\/v2\/posts\/1686\/revisions"}],"predecessor-version":[{"id":1689,"href":"https:\/\/blogs.elcomercio.es\/cuervoalfageme\/wp-json\/wp\/v2\/posts\/1686\/revisions\/1689"}],"wp:attachment":[{"href":"https:\/\/blogs.elcomercio.es\/cuervoalfageme\/wp-json\/wp\/v2\/media?parent=1686"}],"wp:term":[{"taxonomy":"category","embeddable":true,"href":"https:\/\/blogs.elcomercio.es\/cuervoalfageme\/wp-json\/wp\/v2\/categories?post=1686"},{"taxonomy":"post_tag","embeddable":true,"href":"https:\/\/blogs.elcomercio.es\/cuervoalfageme\/wp-json\/wp\/v2\/tags?post=1686"}],"curies":[{"name":"wp","href":"https:\/\/api.w.org\/{rel}","templated":true}]}}