{"id":1691,"date":"2018-01-16T16:29:02","date_gmt":"2018-01-16T15:29:02","guid":{"rendered":"http:\/\/blogs.elcomercio.es\/cuervoalfageme\/?p=1691"},"modified":"2018-01-16T16:29:02","modified_gmt":"2018-01-16T15:29:02","slug":"ajustar-las-expectativas","status":"publish","type":"post","link":"https:\/\/blogs.elcomercio.es\/cuervoalfageme\/2018\/01\/16\/ajustar-las-expectativas\/","title":{"rendered":"Ajustar las expectativas&#8230;"},"content":{"rendered":"<p><a href=\"https:\/\/static-blogs.elcomercio.es\/wp-content\/uploads\/sites\/3\/2018\/01\/Blog-3.jpg\"><img loading=\"lazy\" class=\"aligncenter size-full wp-image-1692\" src=\"https:\/\/static-blogs.elcomercio.es\/wp-content\/uploads\/sites\/3\/2018\/01\/Blog-3.jpg\" alt=\"blog\" width=\"480\" height=\"720\" srcset=\"https:\/\/static-blogs.elcomercio.es\/wp-content\/uploads\/sites\/3\/2018\/01\/Blog-3.jpg 480w, https:\/\/static-blogs.elcomercio.es\/wp-content\/uploads\/sites\/3\/2018\/01\/Blog-3-200x300.jpg 200w\" sizes=\"(max-width: 480px) 100vw, 480px\" \/><\/a><\/p>\n<p>&nbsp;<\/p>\n<p>&nbsp;<\/p>\n<p>&nbsp;<\/p>\n<p>&nbsp;<\/p>\n<p>&nbsp;<\/p>\n<p>&nbsp;<\/p>\n<p>&nbsp;<\/p>\n<p>&nbsp;<\/p>\n<p>&nbsp;<\/p>\n<p>&nbsp;<\/p>\n<p>&nbsp;<\/p>\n<p>&nbsp;<\/p>\n<p>&nbsp;<\/p>\n<p>&nbsp;<\/p>\n<p>&nbsp;<\/p>\n<p>&nbsp;<\/p>\n<p>&nbsp;<\/p>\n<p>&nbsp;<\/p>\n<p>&nbsp;<\/p>\n<p>&nbsp;<\/p>\n<p>&nbsp;<\/p>\n<p>Cuando en\u00a0 una pareja existen hijos la mayor preocupaci\u00f3n al producirse una ruptura es la custodia, seguida muy de cerca del tema econ\u00f3mico. Con el transcurso de los a\u00f1os hemos ido viendo c\u00f3mo han cambiado las expectativas de nuestros clientes. Si remontamos a\u00f1os atr\u00e1s, en un divorcio era completamente excepcional que la custodia de los ni\u00f1os se concediera al padre y la custodia compartida ni tan siquiera se planteaba. Por ello y durante mucho tiempo, aunque el C\u00f3digo Civil nunca estableci\u00f3 diferencia de g\u00e9nero alguna, las mujeres entendieron que en una ruptura ellas ten\u00edan la prioridad sobre el cuidado de los ni\u00f1os. Este dato a su vez condicionaba el uso de la vivienda familiar y la pensi\u00f3n alimenticia. Los padres en esa situaci\u00f3n ve\u00edan muy mermadas sus posibilidades de cuidar y atender a sus hijos as\u00ed como tambi\u00e9n sufr\u00edan la mayor carga econ\u00f3mica.<\/p>\n<p>Hoy d\u00eda la situaci\u00f3n est\u00e1 cambiando. Si bien sigue siendo poco habitual que la custodia se conceda al padre en exclusiva, lo cierto es que la custodia compartida va ganando camino y se establece cuando hay acuerdo y tambi\u00e9n en los procedimientos contenciosos, cuando al menos uno de los dos progenitores lo pide, y las circunstancias no son desfavorables. Adem\u00e1s, aunque no es el caso de Asturias, existen varias comunidades aut\u00f3nomas que cuentan con una ley de custodia compartida que facilita su concesi\u00f3n.<\/p>\n<p>Por ello, en la situaci\u00f3n actual, hay que intentar abrir la mente y ser flexibles porque, aunque la realidad social y jur\u00eddica va cambiando, todav\u00eda es muy grande la inercia de la situaci\u00f3n anterior y a\u00fan son muchas las madres que entienden que deben ser ellas las que tengan la custodia exclusiva. Esto genera un desajuste entre las expectativas y las posibilidades legales que puede abocar a una batalla legal con el consiguiente desgaste y frustraci\u00f3n de las partes implicadas. Y es que, cuando se solicita la custodia compartida y se deja la decisi\u00f3n en manos de un Juez, no solo puede haber posibilidades de que se obtenga, sino que adem\u00e1s, la forma en que se repartir\u00e1n los tiempos se impondr\u00e1 sin demasiada concreci\u00f3n, siendo habitual el sistema de semanas alternas.<\/p>\n<p>\u00bfEs buena o mala para los ni\u00f1os la custodia compartida? Si los dos progenitores son responsables y mantienen una buena relaci\u00f3n con los ni\u00f1os y entre s\u00ed, sin duda este tipo de custodia facilita el contacto y afecto con ambos. Pero en algunos casos no es lo m\u00e1s recomendable o incluso no funciona una vez establecida. Por ello hay que analizar cada caso particular. Cuando finalmente la opci\u00f3n sea la custodia compartida, a la vista de las circunstancias habr\u00e1 que valorar la necesidad de instar una modificaci\u00f3n de medidas si alguna de las partes no se responsabiliza de los ni\u00f1os cuando est\u00e1n en su compa\u00f1\u00eda, a pesar de haberse comprometido a ello.<\/p>\n<p>&nbsp;<\/p>\n<p>Si tienes m\u00e1s dudas o curiosidades jur\u00eddicas, s\u00edguenos&#8230;<\/p>\n<p><a href=\"http:\/\/www.cuervoalfageme.com\" rel=\"external nofollow\">Web<\/a><\/p>\n<p><a href=\"https:\/\/www.facebook.com\/cuervoalfageme.abogados\" rel=\"external nofollow\">Facebook<\/a><\/p>\n<p><a href=\"https:\/\/twitter.com\/CuervoAlfageme?lang=es\" rel=\"external nofollow\">Twitter<\/a><\/p>\n<p><a href=\"https:\/\/www.youtube.com\/user\/cuervoalfageme\" rel=\"external nofollow\">Canal de Youtube<\/a><\/p>\n<!-- AddThis Advanced Settings generic via filter on the_content --><!-- AddThis Share Buttons generic via filter on the_content -->","protected":false},"excerpt":{"rendered":"<p>&nbsp; &nbsp; &nbsp; &nbsp; &nbsp; &nbsp; &nbsp; &nbsp; &nbsp; &nbsp; &nbsp; &nbsp; &nbsp; &nbsp; &nbsp; &nbsp; &nbsp; &nbsp; &nbsp; &nbsp; &nbsp; Cuando en\u00a0 una pareja existen hijos la mayor preocupaci\u00f3n al producirse una ruptura es la custodia, seguida muy de cerca del tema econ\u00f3mico. Con el transcurso de los a\u00f1os hemos ido viendo c\u00f3mo han [&hellip;]<!-- AddThis Advanced Settings generic via filter on get_the_excerpt --><!-- AddThis Share Buttons generic via filter on get_the_excerpt --><\/p>\n","protected":false},"author":4,"featured_media":0,"comment_status":"open","ping_status":"open","sticky":false,"template":"","format":"standard","meta":[],"categories":[6,9,11],"tags":[],"_links":{"self":[{"href":"https:\/\/blogs.elcomercio.es\/cuervoalfageme\/wp-json\/wp\/v2\/posts\/1691"}],"collection":[{"href":"https:\/\/blogs.elcomercio.es\/cuervoalfageme\/wp-json\/wp\/v2\/posts"}],"about":[{"href":"https:\/\/blogs.elcomercio.es\/cuervoalfageme\/wp-json\/wp\/v2\/types\/post"}],"author":[{"embeddable":true,"href":"https:\/\/blogs.elcomercio.es\/cuervoalfageme\/wp-json\/wp\/v2\/users\/4"}],"replies":[{"embeddable":true,"href":"https:\/\/blogs.elcomercio.es\/cuervoalfageme\/wp-json\/wp\/v2\/comments?post=1691"}],"version-history":[{"count":4,"href":"https:\/\/blogs.elcomercio.es\/cuervoalfageme\/wp-json\/wp\/v2\/posts\/1691\/revisions"}],"predecessor-version":[{"id":1696,"href":"https:\/\/blogs.elcomercio.es\/cuervoalfageme\/wp-json\/wp\/v2\/posts\/1691\/revisions\/1696"}],"wp:attachment":[{"href":"https:\/\/blogs.elcomercio.es\/cuervoalfageme\/wp-json\/wp\/v2\/media?parent=1691"}],"wp:term":[{"taxonomy":"category","embeddable":true,"href":"https:\/\/blogs.elcomercio.es\/cuervoalfageme\/wp-json\/wp\/v2\/categories?post=1691"},{"taxonomy":"post_tag","embeddable":true,"href":"https:\/\/blogs.elcomercio.es\/cuervoalfageme\/wp-json\/wp\/v2\/tags?post=1691"}],"curies":[{"name":"wp","href":"https:\/\/api.w.org\/{rel}","templated":true}]}}