{"id":1701,"date":"2018-01-23T14:22:02","date_gmt":"2018-01-23T13:22:02","guid":{"rendered":"http:\/\/blogs.elcomercio.es\/cuervoalfageme\/?p=1701"},"modified":"2018-01-23T14:22:02","modified_gmt":"2018-01-23T13:22:02","slug":"y-si-no-pago-la-renta","status":"publish","type":"post","link":"https:\/\/blogs.elcomercio.es\/cuervoalfageme\/2018\/01\/23\/y-si-no-pago-la-renta\/","title":{"rendered":"\u00bfY si no pago la renta?"},"content":{"rendered":"<p><a href=\"https:\/\/static-blogs.elcomercio.es\/wp-content\/uploads\/sites\/3\/2018\/01\/Blog-5.jpg\"><img loading=\"lazy\" class=\"aligncenter size-full wp-image-1702\" src=\"https:\/\/static-blogs.elcomercio.es\/wp-content\/uploads\/sites\/3\/2018\/01\/Blog-5.jpg\" alt=\"blog\" width=\"960\" height=\"638\" srcset=\"https:\/\/static-blogs.elcomercio.es\/wp-content\/uploads\/sites\/3\/2018\/01\/Blog-5.jpg 960w, https:\/\/static-blogs.elcomercio.es\/wp-content\/uploads\/sites\/3\/2018\/01\/Blog-5-300x199.jpg 300w, https:\/\/static-blogs.elcomercio.es\/wp-content\/uploads\/sites\/3\/2018\/01\/Blog-5-768x510.jpg 768w\" sizes=\"(max-width: 960px) 100vw, 960px\" \/><\/a><\/p>\n<p><strong>Marcos es inquilino en una vivienda y hace dos meses que no paga la renta. Acaba de llegarle un burofax en el que el propietario le da un mes de plazo para ponerse al d\u00eda en lo que debe, advirti\u00e9ndole de que en otro caso proceder\u00e1 al desahucio. Marcos est\u00e1 pendiente de cobrar una cantidad importante y piensa que en dos o tres meses podr\u00e1 mejorar su situaci\u00f3n econ\u00f3mica. Nos pregunta si tiene alguna opci\u00f3n de evitar el desahucio explicando su situaci\u00f3n.<\/strong><\/p>\n<p>Cuando el arrendador hace un requerimiento reclamando las rentas atrasadas con al menos un mes de antelaci\u00f3n al inicio procedimiento de desahucio, si el inquilino no paga lo que debe no podr\u00e1 paralizar el procedimiento judicial ofreciendo luego ponerse al d\u00eda.<\/p>\n<p>Por ello, la \u00fanica posibilidad que te queda es hablar con el propietario antes de que presente la demanda de desahucio, explicando tu situaci\u00f3n por si desea confiar en ti y darte un margen de tiempo suficiente para que te pongas al d\u00eda. Pero, en todo caso, si no pagas y el propietario no quiere darte una oportunidad, el desahucio ser\u00e1 inevitable.<\/p>\n<p>&nbsp;<\/p>\n<p>Si tienes m\u00e1s dudas, s\u00edguenos&#8230;<\/p>\n<p><a href=\"http:\/\/www.cuervoalfageme.com\" rel=\"external nofollow\">Nuestra Web<\/a><\/p>\n<p><a href=\"https:\/\/www.facebook.com\/cuervoalfageme.abogados\" rel=\"external nofollow\">Facebook<\/a><\/p>\n<p><a href=\"https:\/\/twitter.com\/CuervoAlfageme?lang=es\" rel=\"external nofollow\">Twitter<\/a><\/p>\n<p><a href=\"https:\/\/www.youtube.com\/user\/cuervoalfageme\" rel=\"external nofollow\">Canal de Youtube<\/a><\/p>\n<!-- AddThis Advanced Settings generic via filter on the_content --><!-- AddThis Share Buttons generic via filter on the_content -->","protected":false},"excerpt":{"rendered":"<p>Marcos es inquilino en una vivienda y hace dos meses que no paga la renta. Acaba de llegarle un burofax en el que el propietario le da un mes de plazo para ponerse al d\u00eda en lo que debe, advirti\u00e9ndole de que en otro caso proceder\u00e1 al desahucio. Marcos est\u00e1 pendiente de cobrar una cantidad [&hellip;]<!-- AddThis Advanced Settings generic via filter on get_the_excerpt --><!-- AddThis Share Buttons generic via filter on get_the_excerpt --><\/p>\n","protected":false},"author":4,"featured_media":0,"comment_status":"open","ping_status":"open","sticky":false,"template":"","format":"standard","meta":[],"categories":[1],"tags":[],"_links":{"self":[{"href":"https:\/\/blogs.elcomercio.es\/cuervoalfageme\/wp-json\/wp\/v2\/posts\/1701"}],"collection":[{"href":"https:\/\/blogs.elcomercio.es\/cuervoalfageme\/wp-json\/wp\/v2\/posts"}],"about":[{"href":"https:\/\/blogs.elcomercio.es\/cuervoalfageme\/wp-json\/wp\/v2\/types\/post"}],"author":[{"embeddable":true,"href":"https:\/\/blogs.elcomercio.es\/cuervoalfageme\/wp-json\/wp\/v2\/users\/4"}],"replies":[{"embeddable":true,"href":"https:\/\/blogs.elcomercio.es\/cuervoalfageme\/wp-json\/wp\/v2\/comments?post=1701"}],"version-history":[{"count":2,"href":"https:\/\/blogs.elcomercio.es\/cuervoalfageme\/wp-json\/wp\/v2\/posts\/1701\/revisions"}],"predecessor-version":[{"id":1704,"href":"https:\/\/blogs.elcomercio.es\/cuervoalfageme\/wp-json\/wp\/v2\/posts\/1701\/revisions\/1704"}],"wp:attachment":[{"href":"https:\/\/blogs.elcomercio.es\/cuervoalfageme\/wp-json\/wp\/v2\/media?parent=1701"}],"wp:term":[{"taxonomy":"category","embeddable":true,"href":"https:\/\/blogs.elcomercio.es\/cuervoalfageme\/wp-json\/wp\/v2\/categories?post=1701"},{"taxonomy":"post_tag","embeddable":true,"href":"https:\/\/blogs.elcomercio.es\/cuervoalfageme\/wp-json\/wp\/v2\/tags?post=1701"}],"curies":[{"name":"wp","href":"https:\/\/api.w.org\/{rel}","templated":true}]}}