{"id":1727,"date":"2018-02-15T18:41:16","date_gmt":"2018-02-15T17:41:16","guid":{"rendered":"http:\/\/blogs.elcomercio.es\/cuervoalfageme\/?p=1727"},"modified":"2018-02-15T18:41:16","modified_gmt":"2018-02-15T17:41:16","slug":"y-si-ambos-padres-no-se-ponen-de-acuerdo","status":"publish","type":"post","link":"https:\/\/blogs.elcomercio.es\/cuervoalfageme\/2018\/02\/15\/y-si-ambos-padres-no-se-ponen-de-acuerdo\/","title":{"rendered":"\u00bfY si ambos padres no se ponen de acuerdo?"},"content":{"rendered":"<p><a href=\"https:\/\/static-blogs.elcomercio.es\/wp-content\/uploads\/sites\/3\/2018\/02\/Padres-e-hijos.jpg\"><img loading=\"lazy\" class=\"aligncenter size-full wp-image-1728\" src=\"https:\/\/static-blogs.elcomercio.es\/wp-content\/uploads\/sites\/3\/2018\/02\/Padres-e-hijos.jpg\" alt=\"padres-e-hijos\" width=\"960\" height=\"530\" srcset=\"https:\/\/static-blogs.elcomercio.es\/wp-content\/uploads\/sites\/3\/2018\/02\/Padres-e-hijos.jpg 960w, https:\/\/static-blogs.elcomercio.es\/wp-content\/uploads\/sites\/3\/2018\/02\/Padres-e-hijos-300x166.jpg 300w, https:\/\/static-blogs.elcomercio.es\/wp-content\/uploads\/sites\/3\/2018\/02\/Padres-e-hijos-768x424.jpg 768w\" sizes=\"(max-width: 960px) 100vw, 960px\" \/><\/a><\/p>\n<p>&nbsp;<\/p>\n<p>\u00bfQu\u00e9 ocurre cuando ambos padres no se ponen de acuerdo en alg\u00fan extremo que afecta a su hijo? Si esta situaci\u00f3n se produce en el seno de una familia unida las eventuales diferencias suelen solventarse mediante el di\u00e1logo, adem\u00e1s es m\u00e1s frecuente que se mantengan criterios comunes al menos en las cuestiones m\u00e1s importantes.<\/p>\n<p>La cuesti\u00f3n cambia si los padres viven separados bien porque se ha producido un divorcio o una separaci\u00f3n, bien porque han tenido un hijo pero nunca han formado una pareja o bien por cualquier otra raz\u00f3n. En estos casos, salvo que se den determinadas circunstancias que inhabiliten a uno de los progenitores, lo normal es que ambos compartan la patria potestad y que la guarda y custodia se atribuya a uno u otro o sea tambi\u00e9n compartida.<\/p>\n<p>La patria potestad conjunta de ambos progenitores implica que las decisiones importantes en la vida del hijo han de adoptarse por ambos de com\u00fan acuerdo. Cuando la ruptura de la pareja ha generado un distanciamiento insalvable entre ambos padres es frecuente que las desavenencias contin\u00faen afectando a las cuestiones que haya que decidir respecto a los hijos. Cuando resulte imposible alcanzar un acuerdo o puntos comunes, resulta necesaria la intervenci\u00f3n de un juez que, escuchando a todas las partes, finalmente determine qu\u00e9 es lo m\u00e1s conveniente valorando \u00fanicamente el inter\u00e9s del menor.<\/p>\n<p>La nueva Ley de Jurisdicci\u00f3n Voluntaria da una nueva y m\u00e1s clara regulaci\u00f3n para solucionar estos desencuentros. Cualquiera de los progenitores, de forma individual o conjuntamente, puede plantear la solicitud al Juez. Se cita a ambos padres, al Ministerio Fiscal, al menor si tiene suficiente juicio y, en todo caso, si es mayor de 12 a\u00f1os, y a otras personas interesadas si las hubiera a una comparecencia. En esta comparecencia cada uno expresa su opini\u00f3n al respecto de la cuesti\u00f3n sobre la que no existe acuerdo entre los progenitores. Las partes pueden aportar pruebas y el Juez puede solicitar la realizaci\u00f3n de las diligencias que estime oportunas para hacer una valoraci\u00f3n correcta de lo que se le plantea antes de tomar una decisi\u00f3n. Si esas diligencias o pruebas no se pueden efectuar en la propia comparecencia, se efect\u00faan despu\u00e9s y se da traslado de las mismas a los interesados para que realicen alegaciones.<\/p>\n<p>Para este tipo de procedimiento no es obligatorio contar con la asistencia de abogado y procurador.<\/p>\n<p>Aunque el procedimiento existe y es sencillo, la mejor soluci\u00f3n, desde nuestro personal punto de vista, es buscar siempre el entendimiento entre ambos progenitores. El ejercicio de la patria potestad implica responsabilidad y buscar siempre el inter\u00e9s del menor por encima de desencuentros personales o conveniencias propias.<\/p>\n<p>&nbsp;<\/p>\n<p>&nbsp;<\/p>\n<p>Si tienes m\u00e1s curiosidades jur\u00eddicas, puedes seguirnos tambi\u00e9n en<\/p>\n<p><a href=\"http:\/\/www.cuervoalfageme.com\" rel=\"external nofollow\">Nuestra Web<\/a><\/p>\n<p><a href=\"https:\/\/www.facebook.com\/cuervoalfageme.abogados\" rel=\"external nofollow\">Facebook<\/a><\/p>\n<p><a href=\"https:\/\/twitter.com\/CuervoAlfageme\" rel=\"external nofollow\">Twitter<\/a><\/p>\n<p><a href=\"https:\/\/www.youtube.com\/user\/cuervoalfageme\" rel=\"external nofollow\">Canal de Youtube<\/a><\/p>\n<!-- AddThis Advanced Settings generic via filter on the_content --><!-- AddThis Share Buttons generic via filter on the_content -->","protected":false},"excerpt":{"rendered":"<p>&nbsp; \u00bfQu\u00e9 ocurre cuando ambos padres no se ponen de acuerdo en alg\u00fan extremo que afecta a su hijo? Si esta situaci\u00f3n se produce en el seno de una familia unida las eventuales diferencias suelen solventarse mediante el di\u00e1logo, adem\u00e1s es m\u00e1s frecuente que se mantengan criterios comunes al menos en las cuestiones m\u00e1s importantes. [&hellip;]<!-- AddThis Advanced Settings generic via filter on get_the_excerpt --><!-- AddThis Share Buttons generic via filter on get_the_excerpt --><\/p>\n","protected":false},"author":4,"featured_media":0,"comment_status":"open","ping_status":"open","sticky":false,"template":"","format":"standard","meta":[],"categories":[1],"tags":[],"_links":{"self":[{"href":"https:\/\/blogs.elcomercio.es\/cuervoalfageme\/wp-json\/wp\/v2\/posts\/1727"}],"collection":[{"href":"https:\/\/blogs.elcomercio.es\/cuervoalfageme\/wp-json\/wp\/v2\/posts"}],"about":[{"href":"https:\/\/blogs.elcomercio.es\/cuervoalfageme\/wp-json\/wp\/v2\/types\/post"}],"author":[{"embeddable":true,"href":"https:\/\/blogs.elcomercio.es\/cuervoalfageme\/wp-json\/wp\/v2\/users\/4"}],"replies":[{"embeddable":true,"href":"https:\/\/blogs.elcomercio.es\/cuervoalfageme\/wp-json\/wp\/v2\/comments?post=1727"}],"version-history":[{"count":2,"href":"https:\/\/blogs.elcomercio.es\/cuervoalfageme\/wp-json\/wp\/v2\/posts\/1727\/revisions"}],"predecessor-version":[{"id":1730,"href":"https:\/\/blogs.elcomercio.es\/cuervoalfageme\/wp-json\/wp\/v2\/posts\/1727\/revisions\/1730"}],"wp:attachment":[{"href":"https:\/\/blogs.elcomercio.es\/cuervoalfageme\/wp-json\/wp\/v2\/media?parent=1727"}],"wp:term":[{"taxonomy":"category","embeddable":true,"href":"https:\/\/blogs.elcomercio.es\/cuervoalfageme\/wp-json\/wp\/v2\/categories?post=1727"},{"taxonomy":"post_tag","embeddable":true,"href":"https:\/\/blogs.elcomercio.es\/cuervoalfageme\/wp-json\/wp\/v2\/tags?post=1727"}],"curies":[{"name":"wp","href":"https:\/\/api.w.org\/{rel}","templated":true}]}}