{"id":1760,"date":"2018-02-26T12:23:33","date_gmt":"2018-02-26T11:23:33","guid":{"rendered":"http:\/\/blogs.elcomercio.es\/cuervoalfageme\/?p=1760"},"modified":"2018-02-26T12:23:33","modified_gmt":"2018-02-26T11:23:33","slug":"correr-en-una-carrera-esta-sujeto-a-normas","status":"publish","type":"post","link":"https:\/\/blogs.elcomercio.es\/cuervoalfageme\/2018\/02\/26\/correr-en-una-carrera-esta-sujeto-a-normas\/","title":{"rendered":"\u00bfCorrer en una carrera est\u00e1 sujeto a normas?"},"content":{"rendered":"<p><a href=\"https:\/\/static-blogs.elcomercio.es\/wp-content\/uploads\/sites\/3\/2018\/02\/Blog-2-1.jpg\"><img loading=\"lazy\" class=\"aligncenter size-large wp-image-1761\" src=\"https:\/\/static-blogs.elcomercio.es\/wp-content\/uploads\/sites\/3\/2018\/02\/Blog-2-1-707x1024.jpg\" alt=\"blog-2\" width=\"707\" height=\"1024\" srcset=\"https:\/\/static-blogs.elcomercio.es\/wp-content\/uploads\/sites\/3\/2018\/02\/Blog-2-1-707x1024.jpg 707w, https:\/\/static-blogs.elcomercio.es\/wp-content\/uploads\/sites\/3\/2018\/02\/Blog-2-1-207x300.jpg 207w, https:\/\/static-blogs.elcomercio.es\/wp-content\/uploads\/sites\/3\/2018\/02\/Blog-2-1-768x1112.jpg 768w, https:\/\/static-blogs.elcomercio.es\/wp-content\/uploads\/sites\/3\/2018\/02\/Blog-2-1.jpg 1206w\" sizes=\"(max-width: 707px) 100vw, 707px\" \/><\/a><\/p>\n<p>&nbsp;<\/p>\n<p>Hemos planteado el t\u00edtulo en forma de pregunta porque la respuesta es tan clara como un simple s\u00ed. Toda nuestra vida est\u00e1 marcada por la existencia de normas jur\u00eddicas en todas nuestras actividades sin que apenas nos demos cuenta: cuando encendemos la luz por la ma\u00f1ana y hacemos uso de un contrato con la compa\u00f1\u00eda el\u00e9ctrica, cuando bajamos en ascensor y salimos por las zonas comunes de nuestra comunidad de propietarios, cuando pedimos una barra de pan en la tienda habitual y formalizamos as\u00ed un contrato de compraventa\u2026 Podr\u00edamos continuar poniendo ejemplos similares hasta desgranar casi todos los actos de nuestra vida. Pero las normas jur\u00eddicas no solo regulan contratos, vivienda, matrimonio, trabajo\u2026 tambi\u00e9n tocan nuestras actividades de ocio y deportivas. Apuntarse a una carrera popular no se libra de esta conclusi\u00f3n.<\/p>\n<p>Correr puede vincularse a numerosos aspectos que est\u00e1n regulados pero hoy vamos a centrar nuestra atenci\u00f3n a esas carreras que, cada vez con mayor frecuencia y con mayor participaci\u00f3n, llenan las calles de nuestras ciudades algunos s\u00e1bados y domingos. En ocasiones est\u00e1n organizadas por grupos o clubes deportivos, en otras por alguna administraci\u00f3n, pero, sea\u00a0\u00a0quien sea quien lo organice y sea cu\u00e1l sea la importancia de la prueba, cuentan con un elemento com\u00fan: un reglamento que regula todo su desarrollo.<\/p>\n<p>Es muy probable que nos inscribamos sin m\u00e1s sin leernos este reglamento pero eso no quiere decir que no exista y que no nos resulte de aplicaci\u00f3n. En \u00e9l se establecen las normas b\u00e1sicas de la prueba: horario y lugar de recogida de dorsales, hora de salida, recorrido, tiempo m\u00e1ximo para realizarla, uso del chip, razones por las que nos pueden descalificar, premios y categor\u00edas\u2026 En la medida en que la prueba es m\u00e1s importante o cuenta con una mayor participaci\u00f3n, esas normas son m\u00e1s amplias y concretan m\u00e1s aspectos.<\/p>\n<p>Es importante no olvidarlas y echarles un vistazo, en el momento de la inscripci\u00f3n y antes de la prueba, para evitar sorpresas desagradables ya que desde que formalizamos esa inscripci\u00f3n estamos declarando conocerlas y someternos a ellas. De este modo\u00a0durante la carrera solo pensamos en correr, evitamos malentendidos y disfrutamos de ese momento que, al fin y al cabo, no deja de ser lo m\u00e1s importante.<\/p>\n<p>&nbsp;<\/p>\n<p>Si tienes m\u00e1s curiosidades jur\u00eddicas, s\u00edguenos&#8230;<\/p>\n<p><a href=\"http:\/\/www.cuervoalfageme.com\" rel=\"external nofollow\">Nuestra Web<\/a><\/p>\n<p><a href=\"https:\/\/www.facebook.com\/cuervoalfageme.abogados\" rel=\"external nofollow\">Facebook<\/a><\/p>\n<p><a href=\"https:\/\/twitter.com\/CuervoAlfageme?lang=es\" rel=\"external nofollow\">Twitter<\/a><\/p>\n<p><a href=\"https:\/\/www.youtube.com\/user\/cuervoalfageme\" rel=\"external nofollow\">Canal de Youtube<\/a><\/p>\n<!-- AddThis Advanced Settings generic via filter on the_content --><!-- AddThis Share Buttons generic via filter on the_content -->","protected":false},"excerpt":{"rendered":"<p>&nbsp; Hemos planteado el t\u00edtulo en forma de pregunta porque la respuesta es tan clara como un simple s\u00ed. Toda nuestra vida est\u00e1 marcada por la existencia de normas jur\u00eddicas en todas nuestras actividades sin que apenas nos demos cuenta: cuando encendemos la luz por la ma\u00f1ana y hacemos uso de un contrato con la [&hellip;]<!-- AddThis Advanced Settings generic via filter on get_the_excerpt --><!-- AddThis Share Buttons generic via filter on get_the_excerpt --><\/p>\n","protected":false},"author":4,"featured_media":0,"comment_status":"open","ping_status":"open","sticky":false,"template":"","format":"standard","meta":[],"categories":[1],"tags":[],"_links":{"self":[{"href":"https:\/\/blogs.elcomercio.es\/cuervoalfageme\/wp-json\/wp\/v2\/posts\/1760"}],"collection":[{"href":"https:\/\/blogs.elcomercio.es\/cuervoalfageme\/wp-json\/wp\/v2\/posts"}],"about":[{"href":"https:\/\/blogs.elcomercio.es\/cuervoalfageme\/wp-json\/wp\/v2\/types\/post"}],"author":[{"embeddable":true,"href":"https:\/\/blogs.elcomercio.es\/cuervoalfageme\/wp-json\/wp\/v2\/users\/4"}],"replies":[{"embeddable":true,"href":"https:\/\/blogs.elcomercio.es\/cuervoalfageme\/wp-json\/wp\/v2\/comments?post=1760"}],"version-history":[{"count":3,"href":"https:\/\/blogs.elcomercio.es\/cuervoalfageme\/wp-json\/wp\/v2\/posts\/1760\/revisions"}],"predecessor-version":[{"id":1764,"href":"https:\/\/blogs.elcomercio.es\/cuervoalfageme\/wp-json\/wp\/v2\/posts\/1760\/revisions\/1764"}],"wp:attachment":[{"href":"https:\/\/blogs.elcomercio.es\/cuervoalfageme\/wp-json\/wp\/v2\/media?parent=1760"}],"wp:term":[{"taxonomy":"category","embeddable":true,"href":"https:\/\/blogs.elcomercio.es\/cuervoalfageme\/wp-json\/wp\/v2\/categories?post=1760"},{"taxonomy":"post_tag","embeddable":true,"href":"https:\/\/blogs.elcomercio.es\/cuervoalfageme\/wp-json\/wp\/v2\/tags?post=1760"}],"curies":[{"name":"wp","href":"https:\/\/api.w.org\/{rel}","templated":true}]}}