{"id":1768,"date":"2018-03-05T14:02:19","date_gmt":"2018-03-05T13:02:19","guid":{"rendered":"http:\/\/blogs.elcomercio.es\/cuervoalfageme\/?p=1768"},"modified":"2018-03-05T14:02:19","modified_gmt":"2018-03-05T13:02:19","slug":"el-cambio-hacia-una-custodia-compartida","status":"publish","type":"post","link":"https:\/\/blogs.elcomercio.es\/cuervoalfageme\/2018\/03\/05\/el-cambio-hacia-una-custodia-compartida\/","title":{"rendered":"El cambio hacia una custodia compartida"},"content":{"rendered":"<p>La custodia compartida tambi\u00e9n puede solicitarse a trav\u00e9s de una modificaci\u00f3n de las medidas acordadas en el procedimiento de divorcio. Para ello no es necesario que se produzca un cambio sustancial de circunstancias, aunque s\u00ed es importante que se den las circunstancias adecuadas para su establecimiento.<br \/>\nHoy tratamos este tema en nuestro canal de Youtube.<\/p>\n<p>Puedes ver el v\u00eddeo pinchando <a href=\"https:\/\/www.youtube.com\/watch?v=rDrZ-LZZiPU\" rel=\"external nofollow\">aqu\u00ed<\/a><\/p>\n<p>&nbsp;<\/p>\n<p><a href=\"https:\/\/static-blogs.elcomercio.es\/wp-content\/uploads\/sites\/3\/2018\/03\/Blog.jpg\"><img loading=\"lazy\" class=\"aligncenter size-full wp-image-1769\" src=\"https:\/\/static-blogs.elcomercio.es\/wp-content\/uploads\/sites\/3\/2018\/03\/Blog.jpg\" alt=\"blog\" width=\"864\" height=\"493\" srcset=\"https:\/\/static-blogs.elcomercio.es\/wp-content\/uploads\/sites\/3\/2018\/03\/Blog.jpg 864w, https:\/\/static-blogs.elcomercio.es\/wp-content\/uploads\/sites\/3\/2018\/03\/Blog-300x171.jpg 300w, https:\/\/static-blogs.elcomercio.es\/wp-content\/uploads\/sites\/3\/2018\/03\/Blog-768x438.jpg 768w\" sizes=\"(max-width: 864px) 100vw, 864px\" \/><\/a><\/p>\n<!-- AddThis Advanced Settings generic via filter on the_content --><!-- AddThis Share Buttons generic via filter on the_content -->","protected":false},"excerpt":{"rendered":"<p>La custodia compartida tambi\u00e9n puede solicitarse a trav\u00e9s de una modificaci\u00f3n de las medidas acordadas en el procedimiento de divorcio. Para ello no es necesario que se produzca un cambio sustancial de circunstancias, aunque s\u00ed es importante que se den las circunstancias adecuadas para su establecimiento. Hoy tratamos este tema en nuestro canal de Youtube. [&hellip;]<!-- AddThis Advanced Settings generic via filter on get_the_excerpt --><!-- AddThis Share Buttons generic via filter on get_the_excerpt --><\/p>\n","protected":false},"author":4,"featured_media":0,"comment_status":"open","ping_status":"open","sticky":false,"template":"","format":"standard","meta":[],"categories":[1],"tags":[],"_links":{"self":[{"href":"https:\/\/blogs.elcomercio.es\/cuervoalfageme\/wp-json\/wp\/v2\/posts\/1768"}],"collection":[{"href":"https:\/\/blogs.elcomercio.es\/cuervoalfageme\/wp-json\/wp\/v2\/posts"}],"about":[{"href":"https:\/\/blogs.elcomercio.es\/cuervoalfageme\/wp-json\/wp\/v2\/types\/post"}],"author":[{"embeddable":true,"href":"https:\/\/blogs.elcomercio.es\/cuervoalfageme\/wp-json\/wp\/v2\/users\/4"}],"replies":[{"embeddable":true,"href":"https:\/\/blogs.elcomercio.es\/cuervoalfageme\/wp-json\/wp\/v2\/comments?post=1768"}],"version-history":[{"count":2,"href":"https:\/\/blogs.elcomercio.es\/cuervoalfageme\/wp-json\/wp\/v2\/posts\/1768\/revisions"}],"predecessor-version":[{"id":1771,"href":"https:\/\/blogs.elcomercio.es\/cuervoalfageme\/wp-json\/wp\/v2\/posts\/1768\/revisions\/1771"}],"wp:attachment":[{"href":"https:\/\/blogs.elcomercio.es\/cuervoalfageme\/wp-json\/wp\/v2\/media?parent=1768"}],"wp:term":[{"taxonomy":"category","embeddable":true,"href":"https:\/\/blogs.elcomercio.es\/cuervoalfageme\/wp-json\/wp\/v2\/categories?post=1768"},{"taxonomy":"post_tag","embeddable":true,"href":"https:\/\/blogs.elcomercio.es\/cuervoalfageme\/wp-json\/wp\/v2\/tags?post=1768"}],"curies":[{"name":"wp","href":"https:\/\/api.w.org\/{rel}","templated":true}]}}