{"id":1774,"date":"2018-03-07T14:03:08","date_gmt":"2018-03-07T13:03:08","guid":{"rendered":"http:\/\/blogs.elcomercio.es\/cuervoalfageme\/?p=1774"},"modified":"2018-03-07T14:11:50","modified_gmt":"2018-03-07T13:11:50","slug":"preparar-el-final-de-curso","status":"publish","type":"post","link":"https:\/\/blogs.elcomercio.es\/cuervoalfageme\/2018\/03\/07\/preparar-el-final-de-curso\/","title":{"rendered":"Preparar el final de curso"},"content":{"rendered":"<p><a href=\"https:\/\/static-blogs.elcomercio.es\/wp-content\/uploads\/sites\/3\/2018\/03\/Blog-1.jpg\"><img loading=\"lazy\" class=\"aligncenter size-large wp-image-1775\" src=\"https:\/\/static-blogs.elcomercio.es\/wp-content\/uploads\/sites\/3\/2018\/03\/Blog-1-768x1024.jpg\" alt=\"blog\" width=\"768\" height=\"1024\" srcset=\"https:\/\/static-blogs.elcomercio.es\/wp-content\/uploads\/sites\/3\/2018\/03\/Blog-1-768x1024.jpg 768w, https:\/\/static-blogs.elcomercio.es\/wp-content\/uploads\/sites\/3\/2018\/03\/Blog-1-225x300.jpg 225w, https:\/\/static-blogs.elcomercio.es\/wp-content\/uploads\/sites\/3\/2018\/03\/Blog-1.jpg 1512w\" sizes=\"(max-width: 768px) 100vw, 768px\" \/><\/a><\/p>\n<p>Inmersos ya en el segundo semestre, a un paso de los ex\u00e1menes de mayo y junio, es el momento clave del curso acad\u00e9mico.<\/p>\n<p>Para obtener unos buenos resultados no hay ingredientes m\u00e1gicos pero s\u00ed algunos que resultan imprescindibles. Una buena planificaci\u00f3n que nos permita distribuir la materia y asimilarla mejor sin dejarlo todo para el final, un material de estudio, actualizado y adecuado a las exigencias de cada profesor y una comprensi\u00f3n adecuada en el plano te\u00f3rico y pr\u00e1ctico de cada asignatura son elementos esenciales para superar cualquier examen y hacer un buen seguimiento de las evaluaciones continuas.<\/p>\n<p>Estos consejos son aplicables a cualquier tipo de estudio que nos encontremos cursando y singularmente importantes si los aplicamos al mundo jur\u00eddico. En el grado de derecho, por el tipo de materia, es fundamental comprender bien las normas, conocerlas y saber aplicarlas. En nuestro despacho, desde hace m\u00e1s de veinte a\u00f1os, ayudamos a los alumnos que se encuentran matriculados en este grado en derecho a conseguir sus objetivos . Si tienes dificultades o necesitas ayuda, ll\u00e1manos, estudiamos tu caso y te explicamos nuestro sistema de clases particulares individuales (tel\u00e9fono 985348424).<\/p>\n<p>&nbsp;<\/p>\n<p>Si quieres conocernos m\u00e1s:<\/p>\n<p><a href=\"http:\/\/www.cuervoalfageme.com\" rel=\"external nofollow\">Nuestra Web<\/a><\/p>\n<p><a href=\"https:\/\/www.facebook.com\/cuervoalfageme.abogados\" rel=\"external nofollow\">Facebook<\/a><\/p>\n<p><a href=\"https:\/\/twitter.com\/CuervoAlfageme?lang=es\" rel=\"external nofollow\">Twitter<\/a><\/p>\n<p><a href=\"https:\/\/www.youtube.com\/user\/cuervoalfageme\" rel=\"external nofollow\">Youtube<\/a><\/p>\n<!-- AddThis Advanced Settings generic via filter on the_content --><!-- AddThis Share Buttons generic via filter on the_content -->","protected":false},"excerpt":{"rendered":"<p>Inmersos ya en el segundo semestre, a un paso de los ex\u00e1menes de mayo y junio, es el momento clave del curso acad\u00e9mico. Para obtener unos buenos resultados no hay ingredientes m\u00e1gicos pero s\u00ed algunos que resultan imprescindibles. Una buena planificaci\u00f3n que nos permita distribuir la materia y asimilarla mejor sin dejarlo todo para el [&hellip;]<!-- AddThis Advanced Settings generic via filter on get_the_excerpt --><!-- AddThis Share Buttons generic via filter on get_the_excerpt --><\/p>\n","protected":false},"author":4,"featured_media":0,"comment_status":"open","ping_status":"open","sticky":false,"template":"","format":"standard","meta":[],"categories":[1],"tags":[],"_links":{"self":[{"href":"https:\/\/blogs.elcomercio.es\/cuervoalfageme\/wp-json\/wp\/v2\/posts\/1774"}],"collection":[{"href":"https:\/\/blogs.elcomercio.es\/cuervoalfageme\/wp-json\/wp\/v2\/posts"}],"about":[{"href":"https:\/\/blogs.elcomercio.es\/cuervoalfageme\/wp-json\/wp\/v2\/types\/post"}],"author":[{"embeddable":true,"href":"https:\/\/blogs.elcomercio.es\/cuervoalfageme\/wp-json\/wp\/v2\/users\/4"}],"replies":[{"embeddable":true,"href":"https:\/\/blogs.elcomercio.es\/cuervoalfageme\/wp-json\/wp\/v2\/comments?post=1774"}],"version-history":[{"count":2,"href":"https:\/\/blogs.elcomercio.es\/cuervoalfageme\/wp-json\/wp\/v2\/posts\/1774\/revisions"}],"predecessor-version":[{"id":1777,"href":"https:\/\/blogs.elcomercio.es\/cuervoalfageme\/wp-json\/wp\/v2\/posts\/1774\/revisions\/1777"}],"wp:attachment":[{"href":"https:\/\/blogs.elcomercio.es\/cuervoalfageme\/wp-json\/wp\/v2\/media?parent=1774"}],"wp:term":[{"taxonomy":"category","embeddable":true,"href":"https:\/\/blogs.elcomercio.es\/cuervoalfageme\/wp-json\/wp\/v2\/categories?post=1774"},{"taxonomy":"post_tag","embeddable":true,"href":"https:\/\/blogs.elcomercio.es\/cuervoalfageme\/wp-json\/wp\/v2\/tags?post=1774"}],"curies":[{"name":"wp","href":"https:\/\/api.w.org\/{rel}","templated":true}]}}