{"id":1783,"date":"2018-03-09T11:40:28","date_gmt":"2018-03-09T10:40:28","guid":{"rendered":"http:\/\/blogs.elcomercio.es\/cuervoalfageme\/?p=1783"},"modified":"2018-03-09T11:40:28","modified_gmt":"2018-03-09T10:40:28","slug":"alquilar-una-habitacion-en-un-piso-compartido","status":"publish","type":"post","link":"https:\/\/blogs.elcomercio.es\/cuervoalfageme\/2018\/03\/09\/alquilar-una-habitacion-en-un-piso-compartido\/","title":{"rendered":"Alquilar una habitaci\u00f3n en un piso compartido"},"content":{"rendered":"<p><a href=\"https:\/\/static-blogs.elcomercio.es\/wp-content\/uploads\/sites\/3\/2018\/03\/Blog.jpg.png\"><img loading=\"lazy\" class=\"aligncenter size-large wp-image-1784\" src=\"https:\/\/static-blogs.elcomercio.es\/wp-content\/uploads\/sites\/3\/2018\/03\/Blog.jpg-1024x577.png\" alt=\"blog-jpg\" width=\"1024\" height=\"577\" srcset=\"https:\/\/static-blogs.elcomercio.es\/wp-content\/uploads\/sites\/3\/2018\/03\/Blog.jpg-1024x577.png 1024w, https:\/\/static-blogs.elcomercio.es\/wp-content\/uploads\/sites\/3\/2018\/03\/Blog.jpg-300x169.png 300w, https:\/\/static-blogs.elcomercio.es\/wp-content\/uploads\/sites\/3\/2018\/03\/Blog.jpg-768x433.png 768w, https:\/\/static-blogs.elcomercio.es\/wp-content\/uploads\/sites\/3\/2018\/03\/Blog.jpg.png 1136w\" sizes=\"(max-width: 1024px) 100vw, 1024px\" \/><\/a><\/p>\n<p>Alquilar una habitaci\u00f3n en una vivienda compartida es una soluci\u00f3n que cada vez se utiliza m\u00e1s por estudiantes y personas que buscan sus primeros trabajos.<\/p>\n<p>En nuestro canal de Youtube damos algunos consejos para que este proceso sea m\u00e1s seguro.<\/p>\n<p>No concretamos en la explicaci\u00f3n la duraci\u00f3n del contrato, porque hay diferentes opciones seg\u00fan se alquile la la habitaci\u00f3n directamente del propietario o se haga como subarriendo de un contrato anterior, as\u00ed que te recomendamos que en este punto, tengas especial precauci\u00f3n y, por si acaso y para cubrirte, incluyas en el contrato una clausula que te permita abandonar la vivienda avisando con un tiempo de antelaci\u00f3n, con independencia de cual sea la duraci\u00f3n pactada.<\/p>\n<p>Puedes visualizar el v\u00eddeo <a href=\"https:\/\/www.youtube.com\/watch?v=xcMjwdD-q8g&amp;t=199s\" rel=\"external nofollow\">aqu\u00ed<\/a>.<\/p>\n<p>Si necesitas hacer una consulta de tu caso particular o quieres iniciar un procedimiento judicial puedes encontrarnos en nuestro despacho. Tambi\u00e9n tenemos un servicio jur\u00eddico a distancia para aquellas personas que no pueden venir a visitarnos.<\/p>\n<p>Para m\u00e1s informaci\u00f3n puedes visitar nuestra Web o nuestras redes sociales:<\/p>\n<p><a href=\"http:\/\/www.cuervoalfageme.com\" rel=\"external nofollow\">P\u00e1gina Web<\/a><\/p>\n<p><a href=\"https:\/\/www.facebook.com\/cuervoalfageme.abogados\" rel=\"external nofollow\">Facebook<\/a><\/p>\n<p><a href=\"https:\/\/twitter.com\/CuervoAlfageme?lang=es\" rel=\"external nofollow\">Twitter<\/a><\/p>\n<p><a href=\"https:\/\/www.youtube.com\/channel\/UCoov7b79vvn_-nenc3lP1-A\" rel=\"external nofollow\">Canal de Youtube<\/a><\/p>\n<p>&nbsp;<\/p>\n<!-- AddThis Advanced Settings generic via filter on the_content --><!-- AddThis Share Buttons generic via filter on the_content -->","protected":false},"excerpt":{"rendered":"<p>Alquilar una habitaci\u00f3n en una vivienda compartida es una soluci\u00f3n que cada vez se utiliza m\u00e1s por estudiantes y personas que buscan sus primeros trabajos. En nuestro canal de Youtube damos algunos consejos para que este proceso sea m\u00e1s seguro. No concretamos en la explicaci\u00f3n la duraci\u00f3n del contrato, porque hay diferentes opciones seg\u00fan se [&hellip;]<!-- AddThis Advanced Settings generic via filter on get_the_excerpt --><!-- AddThis Share Buttons generic via filter on get_the_excerpt --><\/p>\n","protected":false},"author":4,"featured_media":0,"comment_status":"open","ping_status":"open","sticky":false,"template":"","format":"standard","meta":[],"categories":[1],"tags":[],"_links":{"self":[{"href":"https:\/\/blogs.elcomercio.es\/cuervoalfageme\/wp-json\/wp\/v2\/posts\/1783"}],"collection":[{"href":"https:\/\/blogs.elcomercio.es\/cuervoalfageme\/wp-json\/wp\/v2\/posts"}],"about":[{"href":"https:\/\/blogs.elcomercio.es\/cuervoalfageme\/wp-json\/wp\/v2\/types\/post"}],"author":[{"embeddable":true,"href":"https:\/\/blogs.elcomercio.es\/cuervoalfageme\/wp-json\/wp\/v2\/users\/4"}],"replies":[{"embeddable":true,"href":"https:\/\/blogs.elcomercio.es\/cuervoalfageme\/wp-json\/wp\/v2\/comments?post=1783"}],"version-history":[{"count":1,"href":"https:\/\/blogs.elcomercio.es\/cuervoalfageme\/wp-json\/wp\/v2\/posts\/1783\/revisions"}],"predecessor-version":[{"id":1785,"href":"https:\/\/blogs.elcomercio.es\/cuervoalfageme\/wp-json\/wp\/v2\/posts\/1783\/revisions\/1785"}],"wp:attachment":[{"href":"https:\/\/blogs.elcomercio.es\/cuervoalfageme\/wp-json\/wp\/v2\/media?parent=1783"}],"wp:term":[{"taxonomy":"category","embeddable":true,"href":"https:\/\/blogs.elcomercio.es\/cuervoalfageme\/wp-json\/wp\/v2\/categories?post=1783"},{"taxonomy":"post_tag","embeddable":true,"href":"https:\/\/blogs.elcomercio.es\/cuervoalfageme\/wp-json\/wp\/v2\/tags?post=1783"}],"curies":[{"name":"wp","href":"https:\/\/api.w.org\/{rel}","templated":true}]}}