{"id":1794,"date":"2018-03-16T14:23:59","date_gmt":"2018-03-16T13:23:59","guid":{"rendered":"http:\/\/blogs.elcomercio.es\/cuervoalfageme\/?p=1794"},"modified":"2018-03-16T14:24:46","modified_gmt":"2018-03-16T13:24:46","slug":"de-quien-es-la-vivienda-familiar","status":"publish","type":"post","link":"https:\/\/blogs.elcomercio.es\/cuervoalfageme\/2018\/03\/16\/de-quien-es-la-vivienda-familiar\/","title":{"rendered":"\u00bfDe qui\u00e9n es la vivienda familiar?"},"content":{"rendered":"<p><a href=\"https:\/\/static-blogs.elcomercio.es\/wp-content\/uploads\/sites\/3\/2018\/03\/Blog-2.jpg\"><img loading=\"lazy\" class=\"alignnone size-full wp-image-1795\" src=\"https:\/\/static-blogs.elcomercio.es\/wp-content\/uploads\/sites\/3\/2018\/03\/Blog-2.jpg\" alt=\"blog\" width=\"960\" height=\"640\" srcset=\"https:\/\/static-blogs.elcomercio.es\/wp-content\/uploads\/sites\/3\/2018\/03\/Blog-2.jpg 960w, https:\/\/static-blogs.elcomercio.es\/wp-content\/uploads\/sites\/3\/2018\/03\/Blog-2-300x200.jpg 300w, https:\/\/static-blogs.elcomercio.es\/wp-content\/uploads\/sites\/3\/2018\/03\/Blog-2-768x512.jpg 768w\" sizes=\"(max-width: 960px) 100vw, 960px\" \/><\/a><\/p>\n<p>Tanto desde el punto de vista personal como desde el punto de vista econ\u00f3mico, la vivienda familiar tiene un valor que va mucho m\u00e1s all\u00e1 de aquel que pueda ostentar en el mercado inmobiliario.<\/p>\n<p>En esta misma l\u00ednea las normas jur\u00eddicas le otorgan una protecci\u00f3n jur\u00eddica especial que, aunque var\u00ede en funci\u00f3n del r\u00e9gimen econ\u00f3mico elegido por el matrimonio, cuenta tambi\u00e9n con unas reglas b\u00e1sicas aplicables a todas las situaciones.<\/p>\n<p>Vamos a analizar los casos m\u00e1s comunes.<\/p>\n<p><strong>Matrimonio en r\u00e9gimen de separaci\u00f3n de bienes<\/strong>. En este caso la vivienda pertenecer\u00e1 a uno u otro c\u00f3nyuge o a los dos en copropiedad en funci\u00f3n de quien la haya adquirido y pagado su importe.<\/p>\n<p><strong>Matrimonio en r\u00e9gimen de sociedad de gananciales.<\/strong> Aqu\u00ed pueden darse varias situaciones diferentes:<\/p>\n<p>1.- Vivienda comprada por uno o ambos c\u00f3nyuges antes del matrimonio y que queda pagada totalmente. La vivienda no ser\u00e1 un bien ganancial sino privativo del c\u00f3nyuge que la haya abonado \u00edntegramente o, si fue comprada por los dos, ambos ser\u00e1n propietarios en la proporci\u00f3n del precio que hayan aportado.<\/p>\n<p>2.- Vivienda comprada por uno de los c\u00f3nyuges antes del matrimonio a plazos y parte del precio se paga despu\u00e9s de la boda con dinero ganancial. En este supuesto, la vivienda habitual tiene un r\u00e9gimen especial que genera una situaci\u00f3n de copropiedad. La vivienda pertenece al c\u00f3nyuge que la ha adquirido antes de casarse en la parte que abon\u00f3 hasta ese momento y a la sociedad de gananciales en la parte que se pag\u00f3 con posterioridad al matrimonio.<\/p>\n<p>3.- Vivienda comprada despu\u00e9s del matrimonio. Su calificaci\u00f3n como ganancial o privativa depende del dinero utilizado para su adquisici\u00f3n. Por ejemplo, si uno de los c\u00f3nyuges la adquiere con un dinero proveniente de una herencia ser\u00e1 de su propiedad. Si por el contrario se paga, como suele ser lo m\u00e1s habitual, con el dinero ahorrado por los dos y con sus sueldos ser\u00e1 ganancial.<\/p>\n<p>En todo caso, con independencia del r\u00e9gimen econ\u00f3mico elegido y a quien pertenezca la vivienda cualquier acto de disposici\u00f3n sobre la misma exige el consentimiento de ambos c\u00f3nyuges o, en caso de no existir acuerdo, autorizaci\u00f3n judicial. Y tambi\u00e9n con independencia de ambos aspectos, el uso de la misma tras una ruptura puede ser atribuido a uno u otro c\u00f3nyuge en atenci\u00f3n a las circunstancias que rodeen esa ruptura.<\/p>\n<p>&nbsp;<\/p>\n<p>S\u00edguenos&#8230;<\/p>\n<p><a href=\"http:\/\/www.cuervoalfageme.com\" rel=\"external nofollow\">Nuestra Web<\/a><\/p>\n<p><a href=\"https:\/\/www.facebook.com\/cuervoalfageme.abogados\" rel=\"external nofollow\">Facebook<\/a><\/p>\n<p><a href=\"https:\/\/twitter.com\/CuervoAlfageme?lang=es\" rel=\"external nofollow\">Twitter<\/a><\/p>\n<p><a href=\"https:\/\/www.youtube.com\/user\/cuervoalfageme\/featured\" rel=\"external nofollow\">Youtube<\/a><\/p>\n<!-- AddThis Advanced Settings generic via filter on the_content --><!-- AddThis Share Buttons generic via filter on the_content -->","protected":false},"excerpt":{"rendered":"<p>Tanto desde el punto de vista personal como desde el punto de vista econ\u00f3mico, la vivienda familiar tiene un valor que va mucho m\u00e1s all\u00e1 de aquel que pueda ostentar en el mercado inmobiliario. En esta misma l\u00ednea las normas jur\u00eddicas le otorgan una protecci\u00f3n jur\u00eddica especial que, aunque var\u00ede en funci\u00f3n del r\u00e9gimen econ\u00f3mico [&hellip;]<!-- AddThis Advanced Settings generic via filter on get_the_excerpt --><!-- AddThis Share Buttons generic via filter on get_the_excerpt --><\/p>\n","protected":false},"author":4,"featured_media":0,"comment_status":"open","ping_status":"open","sticky":false,"template":"","format":"standard","meta":[],"categories":[1],"tags":[],"_links":{"self":[{"href":"https:\/\/blogs.elcomercio.es\/cuervoalfageme\/wp-json\/wp\/v2\/posts\/1794"}],"collection":[{"href":"https:\/\/blogs.elcomercio.es\/cuervoalfageme\/wp-json\/wp\/v2\/posts"}],"about":[{"href":"https:\/\/blogs.elcomercio.es\/cuervoalfageme\/wp-json\/wp\/v2\/types\/post"}],"author":[{"embeddable":true,"href":"https:\/\/blogs.elcomercio.es\/cuervoalfageme\/wp-json\/wp\/v2\/users\/4"}],"replies":[{"embeddable":true,"href":"https:\/\/blogs.elcomercio.es\/cuervoalfageme\/wp-json\/wp\/v2\/comments?post=1794"}],"version-history":[{"count":3,"href":"https:\/\/blogs.elcomercio.es\/cuervoalfageme\/wp-json\/wp\/v2\/posts\/1794\/revisions"}],"predecessor-version":[{"id":1798,"href":"https:\/\/blogs.elcomercio.es\/cuervoalfageme\/wp-json\/wp\/v2\/posts\/1794\/revisions\/1798"}],"wp:attachment":[{"href":"https:\/\/blogs.elcomercio.es\/cuervoalfageme\/wp-json\/wp\/v2\/media?parent=1794"}],"wp:term":[{"taxonomy":"category","embeddable":true,"href":"https:\/\/blogs.elcomercio.es\/cuervoalfageme\/wp-json\/wp\/v2\/categories?post=1794"},{"taxonomy":"post_tag","embeddable":true,"href":"https:\/\/blogs.elcomercio.es\/cuervoalfageme\/wp-json\/wp\/v2\/tags?post=1794"}],"curies":[{"name":"wp","href":"https:\/\/api.w.org\/{rel}","templated":true}]}}