{"id":1812,"date":"2018-04-02T12:08:36","date_gmt":"2018-04-02T10:08:36","guid":{"rendered":"http:\/\/blogs.elcomercio.es\/cuervoalfageme\/?p=1812"},"modified":"2018-04-02T12:08:36","modified_gmt":"2018-04-02T10:08:36","slug":"que-son-gastos-extraordinarios","status":"publish","type":"post","link":"https:\/\/blogs.elcomercio.es\/cuervoalfageme\/2018\/04\/02\/que-son-gastos-extraordinarios\/","title":{"rendered":"\u00bfQu\u00e9 son gastos extraordinarios?"},"content":{"rendered":"<p><strong><a href=\"https:\/\/static-blogs.elcomercio.es\/wp-content\/uploads\/sites\/3\/2018\/04\/Blog.jpg\"><img loading=\"lazy\" class=\"alignnone size-full wp-image-1813\" src=\"https:\/\/static-blogs.elcomercio.es\/wp-content\/uploads\/sites\/3\/2018\/04\/Blog.jpg\" alt=\"blog\" width=\"960\" height=\"640\" srcset=\"https:\/\/static-blogs.elcomercio.es\/wp-content\/uploads\/sites\/3\/2018\/04\/Blog.jpg 960w, https:\/\/static-blogs.elcomercio.es\/wp-content\/uploads\/sites\/3\/2018\/04\/Blog-300x200.jpg 300w, https:\/\/static-blogs.elcomercio.es\/wp-content\/uploads\/sites\/3\/2018\/04\/Blog-768x512.jpg 768w\" sizes=\"(max-width: 960px) 100vw, 960px\" \/><\/a><\/strong><\/p>\n<p>&nbsp;<\/p>\n<p><strong>Mario tiene en su convenio regulador de divorcio que debe abonar una determinada cantidad de pensi\u00f3n de alimentos a sus hijos y adem\u00e1s el cincuenta por ciento de los gastos extraordinarios. En el convenio solo se especificaron algunos como los de car\u00e1cter m\u00e9dico que no estuvieran cubiertos por la Seguridad Social. Su ex mujer le reclama diversas cantidades por otros motivos y nos pregunta si hay un listado de lo que debe incluirse en este concepto.<\/strong><\/p>\n<p>No hay un cat\u00e1logo como tal en nuestras leyes de lo que han de considerarse gastos extraordinarios pero s\u00ed contamos con determinados criterios, sobre todo jurisprudenciales, para determinar los que se incluyen y los que no.<\/p>\n<p>En primer lugar, hay que atender a los que los c\u00f3nyuges pactaron en el convenio regulador o, en su caso, lo que viene determinado en la sentencia judicial.<\/p>\n<p>Para el resto de supuestos no contemplados en el convenio o en la sentencia, la jurisprudencia entiende que son gastos extraordinarios los que tienen las caracter\u00edsticas de imprescindibles, imprevisibles y no peri\u00f3dicos.<\/p>\n<p>En caso de discrepancia entre los padres, existe un incidente judicial para determinar lo que debe considerarse en cada caso gastos extraordinarios o no. Una vez determinados los que se incluyen, cabe solicitar su ejecuci\u00f3n judicial en caso de impago al igual que ocurre con las pensiones de alimentos.<\/p>\n<p>&nbsp;<\/p>\n<p>Si tienes m\u00e1s dudas o curiosidades jur\u00eddicas, puedes seguirnos aqu\u00ed:<\/p>\n<p><a href=\"http:\/\/www.cuervoalfageme.com\" rel=\"external nofollow\">Nuestra Web<\/a><\/p>\n<p><a href=\"https:\/\/www.facebook.com\/cuervoalfageme.abogados\" rel=\"external nofollow\">Facebook<\/a><\/p>\n<p><a href=\"https:\/\/twitter.com\/CuervoAlfageme?lang=es\" rel=\"external nofollow\">Twitter<\/a><\/p>\n<p><a href=\"https:\/\/www.youtube.com\/user\/cuervoalfageme\" rel=\"external nofollow\">Canal de Youtube<\/a><\/p>\n<!-- AddThis Advanced Settings generic via filter on the_content --><!-- AddThis Share Buttons generic via filter on the_content -->","protected":false},"excerpt":{"rendered":"<p>&nbsp; Mario tiene en su convenio regulador de divorcio que debe abonar una determinada cantidad de pensi\u00f3n de alimentos a sus hijos y adem\u00e1s el cincuenta por ciento de los gastos extraordinarios. En el convenio solo se especificaron algunos como los de car\u00e1cter m\u00e9dico que no estuvieran cubiertos por la Seguridad Social. Su ex mujer [&hellip;]<!-- AddThis Advanced Settings generic via filter on get_the_excerpt --><!-- AddThis Share Buttons generic via filter on get_the_excerpt --><\/p>\n","protected":false},"author":4,"featured_media":0,"comment_status":"open","ping_status":"open","sticky":false,"template":"","format":"standard","meta":[],"categories":[1],"tags":[],"_links":{"self":[{"href":"https:\/\/blogs.elcomercio.es\/cuervoalfageme\/wp-json\/wp\/v2\/posts\/1812"}],"collection":[{"href":"https:\/\/blogs.elcomercio.es\/cuervoalfageme\/wp-json\/wp\/v2\/posts"}],"about":[{"href":"https:\/\/blogs.elcomercio.es\/cuervoalfageme\/wp-json\/wp\/v2\/types\/post"}],"author":[{"embeddable":true,"href":"https:\/\/blogs.elcomercio.es\/cuervoalfageme\/wp-json\/wp\/v2\/users\/4"}],"replies":[{"embeddable":true,"href":"https:\/\/blogs.elcomercio.es\/cuervoalfageme\/wp-json\/wp\/v2\/comments?post=1812"}],"version-history":[{"count":1,"href":"https:\/\/blogs.elcomercio.es\/cuervoalfageme\/wp-json\/wp\/v2\/posts\/1812\/revisions"}],"predecessor-version":[{"id":1814,"href":"https:\/\/blogs.elcomercio.es\/cuervoalfageme\/wp-json\/wp\/v2\/posts\/1812\/revisions\/1814"}],"wp:attachment":[{"href":"https:\/\/blogs.elcomercio.es\/cuervoalfageme\/wp-json\/wp\/v2\/media?parent=1812"}],"wp:term":[{"taxonomy":"category","embeddable":true,"href":"https:\/\/blogs.elcomercio.es\/cuervoalfageme\/wp-json\/wp\/v2\/categories?post=1812"},{"taxonomy":"post_tag","embeddable":true,"href":"https:\/\/blogs.elcomercio.es\/cuervoalfageme\/wp-json\/wp\/v2\/tags?post=1812"}],"curies":[{"name":"wp","href":"https:\/\/api.w.org\/{rel}","templated":true}]}}