{"id":1815,"date":"2018-04-06T12:39:53","date_gmt":"2018-04-06T10:39:53","guid":{"rendered":"http:\/\/blogs.elcomercio.es\/cuervoalfageme\/?p=1815"},"modified":"2018-04-06T12:39:53","modified_gmt":"2018-04-06T10:39:53","slug":"preguntas-y-respuestas-sobre-custodia-compartida","status":"publish","type":"post","link":"https:\/\/blogs.elcomercio.es\/cuervoalfageme\/2018\/04\/06\/preguntas-y-respuestas-sobre-custodia-compartida\/","title":{"rendered":"Preguntas y respuestas sobre custodia compartida"},"content":{"rendered":"<p><a href=\"https:\/\/static-blogs.elcomercio.es\/wp-content\/uploads\/sites\/3\/2018\/04\/Blog-1.jpg\"><img loading=\"lazy\" class=\"alignnone size-full wp-image-1816\" src=\"https:\/\/static-blogs.elcomercio.es\/wp-content\/uploads\/sites\/3\/2018\/04\/Blog-1.jpg\" alt=\"blog\" width=\"895\" height=\"720\" srcset=\"https:\/\/static-blogs.elcomercio.es\/wp-content\/uploads\/sites\/3\/2018\/04\/Blog-1.jpg 895w, https:\/\/static-blogs.elcomercio.es\/wp-content\/uploads\/sites\/3\/2018\/04\/Blog-1-300x241.jpg 300w, https:\/\/static-blogs.elcomercio.es\/wp-content\/uploads\/sites\/3\/2018\/04\/Blog-1-768x618.jpg 768w\" sizes=\"(max-width: 895px) 100vw, 895px\" \/><\/a><\/p>\n<p>Cada a\u00f1o aumentas las cifras de supuestos en los que se establece una custodia compartida cuando se produce una separaci\u00f3n o un divorcio entre los padres de un menor. Esta opci\u00f3n, como alternativa a los supuestos en los que solo uno de los progenitores tiene la guarda y custodia y el otro un r\u00e9gimen de visitas, se considera, desde muchos puntos de vista, m\u00e1s beneficiosa para el menor. Y este y no otro es el objetivo que debe tenerse en cuenta al establecer cualquier medida en relaci\u00f3n con los hijos: su inter\u00e9s.<\/p>\n<p>No obstante, aunque los n\u00fameros avalen su avance, a\u00fan existen muchas dudas en relaci\u00f3n con el establecimiento de una custodia compartida, algunas de las m\u00e1s habituales son las siguientes:<\/p>\n<p>\u00bfCu\u00e1ndo puede solicitarse una custodia compartida? Cuando estamos en un proceso de separaci\u00f3n, divorcio o de adopci\u00f3n de medidas en relaci\u00f3n con un menor cuando ambos padres no viven juntos aunque no ese encuentren casados\u2026 pero no solo en estos supuestos. Si ya tenemos establecido otro r\u00e9gimen por convenio regulador o por sentencia judicial, podemos pedir un cambio del mismo con finalidad de establecer una custodia compartida. No es necesario acreditar la existencia de nuevas circunstancias, sino tan solo, como ya hemos indicado, que su establecimiento es m\u00e1s beneficioso para el hijo.<\/p>\n<p>\u00bfSiempre cabe una custodia compartida? Siempre, siempre, no. Hay que analizar las circunstancias de cada familia, el cuidado que ambos progenitores pueden dar a sus hijos, la distancia entre los diferentes domicilios\u2026 ahora bien, es cierto que no siendo una situaci\u00f3n que lo desaconseje, hay una tendencia a aplicar este r\u00e9gimen.<\/p>\n<p>\u00bfC\u00f3mo se establece el r\u00e9gimen de custodia compartida? No hay una \u00fanica regla. Se intenta acomodar a las circunstancias concretas de hijos y progenitores. Una f\u00f3rmula muy habitual que puede servir como ejemplo es el de organizarse en semanas alternas pero no es la \u00fanica ni la aconsejable en todos los casos.<\/p>\n<p>\u00bfSe tienen que seguir pagando alimentos aunque haya una custodia compartida? Es muy posible que s\u00ed. El establecimiento de un r\u00e9gimen de custodia compartida no implica necesariamente que no se deban abonar alimentos por parte de ninguno de los progenitores. Va a depender de la situaci\u00f3n econ\u00f3mica y los ingresos de cada uno.<\/p>\n<p>&nbsp;<\/p>\n<p>Si tienes m\u00e1s dudas o curiosidades jur\u00eddicas, tambi\u00e9n puedes seguirnos aqu\u00ed:<\/p>\n<p><a href=\"http:\/\/www.cuervoalfageme.com\" rel=\"external nofollow\">Nuestra Web<\/a><\/p>\n<p><a href=\"https:\/\/www.facebook.com\/cuervoalfageme.abogados\" rel=\"external nofollow\">Facebook<\/a><\/p>\n<p><a href=\"https:\/\/twitter.com\/CuervoAlfageme?lang=es\" rel=\"external nofollow\">Twitter<\/a><\/p>\n<p><a href=\"https:\/\/www.youtube.com\/channel\/UCoov7b79vvn_-nenc3lP1-A\" rel=\"external nofollow\">Canal de Youtube<\/a><\/p>\n<!-- AddThis Advanced Settings generic via filter on the_content --><!-- AddThis Share Buttons generic via filter on the_content -->","protected":false},"excerpt":{"rendered":"<p>Cada a\u00f1o aumentas las cifras de supuestos en los que se establece una custodia compartida cuando se produce una separaci\u00f3n o un divorcio entre los padres de un menor. Esta opci\u00f3n, como alternativa a los supuestos en los que solo uno de los progenitores tiene la guarda y custodia y el otro un r\u00e9gimen de [&hellip;]<!-- AddThis Advanced Settings generic via filter on get_the_excerpt --><!-- AddThis Share Buttons generic via filter on get_the_excerpt --><\/p>\n","protected":false},"author":4,"featured_media":0,"comment_status":"open","ping_status":"open","sticky":false,"template":"","format":"standard","meta":[],"categories":[1],"tags":[],"_links":{"self":[{"href":"https:\/\/blogs.elcomercio.es\/cuervoalfageme\/wp-json\/wp\/v2\/posts\/1815"}],"collection":[{"href":"https:\/\/blogs.elcomercio.es\/cuervoalfageme\/wp-json\/wp\/v2\/posts"}],"about":[{"href":"https:\/\/blogs.elcomercio.es\/cuervoalfageme\/wp-json\/wp\/v2\/types\/post"}],"author":[{"embeddable":true,"href":"https:\/\/blogs.elcomercio.es\/cuervoalfageme\/wp-json\/wp\/v2\/users\/4"}],"replies":[{"embeddable":true,"href":"https:\/\/blogs.elcomercio.es\/cuervoalfageme\/wp-json\/wp\/v2\/comments?post=1815"}],"version-history":[{"count":1,"href":"https:\/\/blogs.elcomercio.es\/cuervoalfageme\/wp-json\/wp\/v2\/posts\/1815\/revisions"}],"predecessor-version":[{"id":1817,"href":"https:\/\/blogs.elcomercio.es\/cuervoalfageme\/wp-json\/wp\/v2\/posts\/1815\/revisions\/1817"}],"wp:attachment":[{"href":"https:\/\/blogs.elcomercio.es\/cuervoalfageme\/wp-json\/wp\/v2\/media?parent=1815"}],"wp:term":[{"taxonomy":"category","embeddable":true,"href":"https:\/\/blogs.elcomercio.es\/cuervoalfageme\/wp-json\/wp\/v2\/categories?post=1815"},{"taxonomy":"post_tag","embeddable":true,"href":"https:\/\/blogs.elcomercio.es\/cuervoalfageme\/wp-json\/wp\/v2\/tags?post=1815"}],"curies":[{"name":"wp","href":"https:\/\/api.w.org\/{rel}","templated":true}]}}