{"id":1831,"date":"2018-04-26T16:28:57","date_gmt":"2018-04-26T14:28:57","guid":{"rendered":"http:\/\/blogs.elcomercio.es\/cuervoalfageme\/?p=1831"},"modified":"2018-04-26T16:28:57","modified_gmt":"2018-04-26T14:28:57","slug":"llega-el-desahucio-expres-para-los-ocupas","status":"publish","type":"post","link":"https:\/\/blogs.elcomercio.es\/cuervoalfageme\/2018\/04\/26\/llega-el-desahucio-expres-para-los-ocupas\/","title":{"rendered":"Llega el desahucio expr\u00e9s para los ocupas"},"content":{"rendered":"<p><a href=\"https:\/\/static-blogs.elcomercio.es\/wp-content\/uploads\/sites\/3\/2018\/04\/Blog1.jpg\"><img loading=\"lazy\" class=\"alignnone size-full wp-image-1832\" src=\"https:\/\/static-blogs.elcomercio.es\/wp-content\/uploads\/sites\/3\/2018\/04\/Blog1.jpg\" alt=\"blog1\" width=\"960\" height=\"624\" srcset=\"https:\/\/static-blogs.elcomercio.es\/wp-content\/uploads\/sites\/3\/2018\/04\/Blog1.jpg 960w, https:\/\/static-blogs.elcomercio.es\/wp-content\/uploads\/sites\/3\/2018\/04\/Blog1-300x195.jpg 300w, https:\/\/static-blogs.elcomercio.es\/wp-content\/uploads\/sites\/3\/2018\/04\/Blog1-768x499.jpg 768w\" sizes=\"(max-width: 960px) 100vw, 960px\" \/><\/a><\/p>\n<p>La Comisi\u00f3n de Justicia del Congreso de los Diputados ha aprobado una reforma de nuestra Ley de Enjuiciamiento Civil en la parte que regula los desahucios con el fin de facilitarlos y agilizarlos cuando estamos ante determinados supuestos de ocupaci\u00f3n de la vivienda sin ning\u00fan tipo de t\u00edtulo. A\u00fan queda su aprobaci\u00f3n definitiva por las Cortes para su materializaci\u00f3n como ley pero el primer paso importante hacia ese camino ya est\u00e1 dado.<\/p>\n<p>Probablemente todos conocemos casos, aunque tan solo sea por los innumerables reportajes y noticias que nos muestra la prensa, de personas que ven ocupadas sus viviendas un buen d\u00eda sin ninguna causa ni justificaci\u00f3n. En la mayor parte de los casos se trata de mafias organizadas para la realizaci\u00f3n de estas ocupaciones o de grupos antisistema que se declaran manifiestamente en contra del derecho de propiedad.<\/p>\n<p>A partir de aqu\u00ed el propietario, por muy legal que sea su t\u00edtulo de propiedad y por muy ilegal que resulte la ocupaci\u00f3n, no puede entrar en su vivienda ni echar sin m\u00e1s a los ocupantes. Debe iniciar un proceso judicial de desahucio que, teniendo en cuenta los m\u00faltiples problemas de conlleva la identificaci\u00f3n y notificaci\u00f3n de los ocupantes, puede durar meses e incluso a\u00f1os.<\/p>\n<p>Con la reforma de este proceso se pretende que sea mucho m\u00e1s r\u00e1pido y m\u00e1s \u00e1gil y el objetivo de dejar libre la vivienda se consiga en menor plazo de tiempo y con unos tr\u00e1mites sensiblemente m\u00e1s sencillos y f\u00e1ciles.<\/p>\n<p>A este tipo de proceso no podr\u00e1, sin embargo, acudir cualquier propietario. En principio en el proyecto est\u00e1 previsto para viviendas que pertenezcan a particulares, entidades sin \u00e1nimo de lucro y a administraciones p\u00fablicas. Quedan fuera, por tanto, las que son propiedad de personas jur\u00eddicas.<\/p>\n<p>Tampoco es un proceso aplicable a cualquier desahucio sino tan solo a aquellos que se planteen contra ocupantes que no cuenten con ning\u00fan t\u00edtulo y que tengan la posesi\u00f3n del inmueble sin el consentimiento del propietario, es decir, en lenguaje com\u00fan, los denominados ocupas ilegales. Los desahucios derivados de cualquier contrato como, por ejemplo, los derivados de un arrendamiento o los de una ejecuci\u00f3n hipotecaria, contin\u00faan rigi\u00e9ndose por su tramitaci\u00f3n actual.<\/p>\n<p>Como cualquier cambio normativo, la medida ha generado opiniones a favor y en contra y seguramente algunas de las cr\u00edticas cuentan con parte de raz\u00f3n y, una vez en la pr\u00e1ctica, comprobaremos que hay aspectos mejorables. No obstante, desde nuestro punto de vista, la medida era necesaria y promete ser \u00fatil si se utiliza adecuadamente. Sin duda, hay situaciones gravemente injustas y no es de recibo que este tipo de actuaciones ilegales se amparen precisamente en la seguridad de la ley y la lentitud de nuestros procesos para alargar incumplimientos tan graves. No hay que pensar solo en que al propietario se le priva de su vivienda sino que adem\u00e1s ha de sufrir las consecuencias de tal ocupaci\u00f3n que suelen ser graves e importantes desperfectos en la misma.<\/p>\n<p>&nbsp;<\/p>\n<p>Si tienes m\u00e1s curiosidades jur\u00eddicas puedes seguirnos tambi\u00e9n en:<\/p>\n<p><a href=\"http:\/\/www.cuervoalfageme.com\" rel=\"external nofollow\">Nuestra Web<\/a><\/p>\n<p><a href=\"https:\/\/twitter.com\/CuervoAlfageme?lang=es\" rel=\"external nofollow\">Twitter<\/a><\/p>\n<p><a href=\"https:\/\/www.facebook.com\/cuervoalfageme.abogados\/\" rel=\"external nofollow\">Facebook<\/a><\/p>\n<p><a href=\"https:\/\/www.youtube.com\/channel\/UCoov7b79vvn_-nenc3lP1-A\" rel=\"external nofollow\">Youtube<\/a><\/p>\n<!-- AddThis Advanced Settings generic via filter on the_content --><!-- AddThis Share Buttons generic via filter on the_content -->","protected":false},"excerpt":{"rendered":"<p>La Comisi\u00f3n de Justicia del Congreso de los Diputados ha aprobado una reforma de nuestra Ley de Enjuiciamiento Civil en la parte que regula los desahucios con el fin de facilitarlos y agilizarlos cuando estamos ante determinados supuestos de ocupaci\u00f3n de la vivienda sin ning\u00fan tipo de t\u00edtulo. A\u00fan queda su aprobaci\u00f3n definitiva por las [&hellip;]<!-- AddThis Advanced Settings generic via filter on get_the_excerpt --><!-- AddThis Share Buttons generic via filter on get_the_excerpt --><\/p>\n","protected":false},"author":4,"featured_media":0,"comment_status":"open","ping_status":"open","sticky":false,"template":"","format":"standard","meta":[],"categories":[1],"tags":[],"_links":{"self":[{"href":"https:\/\/blogs.elcomercio.es\/cuervoalfageme\/wp-json\/wp\/v2\/posts\/1831"}],"collection":[{"href":"https:\/\/blogs.elcomercio.es\/cuervoalfageme\/wp-json\/wp\/v2\/posts"}],"about":[{"href":"https:\/\/blogs.elcomercio.es\/cuervoalfageme\/wp-json\/wp\/v2\/types\/post"}],"author":[{"embeddable":true,"href":"https:\/\/blogs.elcomercio.es\/cuervoalfageme\/wp-json\/wp\/v2\/users\/4"}],"replies":[{"embeddable":true,"href":"https:\/\/blogs.elcomercio.es\/cuervoalfageme\/wp-json\/wp\/v2\/comments?post=1831"}],"version-history":[{"count":2,"href":"https:\/\/blogs.elcomercio.es\/cuervoalfageme\/wp-json\/wp\/v2\/posts\/1831\/revisions"}],"predecessor-version":[{"id":1834,"href":"https:\/\/blogs.elcomercio.es\/cuervoalfageme\/wp-json\/wp\/v2\/posts\/1831\/revisions\/1834"}],"wp:attachment":[{"href":"https:\/\/blogs.elcomercio.es\/cuervoalfageme\/wp-json\/wp\/v2\/media?parent=1831"}],"wp:term":[{"taxonomy":"category","embeddable":true,"href":"https:\/\/blogs.elcomercio.es\/cuervoalfageme\/wp-json\/wp\/v2\/categories?post=1831"},{"taxonomy":"post_tag","embeddable":true,"href":"https:\/\/blogs.elcomercio.es\/cuervoalfageme\/wp-json\/wp\/v2\/tags?post=1831"}],"curies":[{"name":"wp","href":"https:\/\/api.w.org\/{rel}","templated":true}]}}