{"id":2037,"date":"2018-11-30T13:57:22","date_gmt":"2018-11-30T12:57:22","guid":{"rendered":"https:\/\/blogs.elcomercio.es\/cuervoalfageme\/?p=2037"},"modified":"2018-11-30T13:57:22","modified_gmt":"2018-11-30T12:57:22","slug":"reiniciando","status":"publish","type":"post","link":"https:\/\/blogs.elcomercio.es\/cuervoalfageme\/2018\/11\/30\/reiniciando\/","title":{"rendered":"Reiniciando&#8230;"},"content":{"rendered":"<p><a href=\"https:\/\/static-blogs.elcomercio.es\/wp-content\/uploads\/sites\/3\/2018\/11\/Publicaci\u00f3n-20-a\u00f1os.jpg\"><img loading=\"lazy\" class=\"alignnone size-full wp-image-2038\" src=\"https:\/\/static-blogs.elcomercio.es\/wp-content\/uploads\/sites\/3\/2018\/11\/Publicaci\u00f3n-20-a\u00f1os.jpg\" alt=\"publicacion-20-anos\" width=\"1560\" height=\"1238\" srcset=\"https:\/\/static-blogs.elcomercio.es\/wp-content\/uploads\/sites\/3\/2018\/11\/Publicaci\u00f3n-20-a\u00f1os.jpg 1560w, https:\/\/static-blogs.elcomercio.es\/wp-content\/uploads\/sites\/3\/2018\/11\/Publicaci\u00f3n-20-a\u00f1os-300x238.jpg 300w, https:\/\/static-blogs.elcomercio.es\/wp-content\/uploads\/sites\/3\/2018\/11\/Publicaci\u00f3n-20-a\u00f1os-768x609.jpg 768w, https:\/\/static-blogs.elcomercio.es\/wp-content\/uploads\/sites\/3\/2018\/11\/Publicaci\u00f3n-20-a\u00f1os-1024x813.jpg 1024w\" sizes=\"(max-width: 1560px) 100vw, 1560px\" \/><\/a><\/p>\n<p align=\"JUSTIFY\"><span style=\"font-size: large\">Nunca es tarde para volver. Ni para empezar. Ni para volver a empezar.<\/span><\/p>\n<p align=\"JUSTIFY\"><span style=\"font-size: large\">Y por eso hemos pensado que este \u00faltimo mes del a\u00f1o es un buen momento plantear un nuevo inicio. Para qu\u00e9 esperar a enero, que es un l\u00edo, que luego se nos acumulan todos los grandes prop\u00f3sitos de principios de a\u00f1o. Ahora es siempre la mejor elecci\u00f3n.<\/span><\/p>\n<p align=\"JUSTIFY\"><span style=\"font-size: large\">Corr\u00eda el mes de junio del a\u00f1o 1994&#8230; (Paramos de escribir para respirar, para sonre\u00edr, para volver la vista atr\u00e1s, \u00bfen serio hace ya casi 25 a\u00f1os? Parece que s\u00ed. Al menos eso dicen los viejos calendarios. \u00bfC\u00f3mo es posible si somos m\u00e1s j\u00f3venes ahora&#8230;?).<\/span><\/p>\n<p align=\"JUSTIFY\"><span style=\"font-size: large\">Pues eso, corr\u00eda el mes de junio del a\u00f1o 1994 cuando sali\u00f3 a la luz una secci\u00f3n en el diario El Comercio a la que llamamos Consultorio Jur\u00eddico.<\/span><\/p>\n<p align=\"JUSTIFY\"><span style=\"font-size: large\">El peri\u00f3dico nos abri\u00f3 generosamente las puertas y juntos dimos cabida en ese hueco a miles de consultas y de art\u00edculos sobre todos los temas de derecho que fueron surgiendo a lo largo de este \u00faltimo cuarto de siglo.<\/span><\/p>\n<p align=\"JUSTIFY\"><span style=\"font-size: large\">Ahora, visto con la perspectiva que da el tiempo, es f\u00e1cil asegurar que la idea funcion\u00f3 y la realidad que se fue construyendo semana tras semana con ella, tambi\u00e9n. Pero como todas las cosas de la vida, evolucionar es imprescindible, cambiar es necesario y nunca hubo nada tan cierto como aquello de renovarse o morir.<\/span><\/p>\n<p align=\"JUSTIFY\"><span style=\"font-size: large\">Simplemente, a modo de an\u00e9cdota y ejemplo del discurrir de los a\u00f1os, podemos recordar los paseos al diario cada viernes para llevar en persona y en papel el texto del Consultorio. Desde aquel entonces hasta ahora, el mundo ha girado tantas veces que hemos tenido que parar unos meses para valorar, retomar y regresar con las ganas, la ilusi\u00f3n, la energ\u00eda y la fuerza renovadas.<\/span><\/p>\n<p align=\"JUSTIFY\"><span style=\"font-size: large\">Este lunes vuelve al diario, que sentimos muy nuestro desde entonces, nuestra secci\u00f3n. Los geniales profesionales de El Comercio la han puesto m\u00e1s guapa, m\u00e1s organizada, con m\u00e1s luz y, para que el cambio sea completo, hasta le hemos puesto nuevo nombre: Tus Derechos con Lupa. Aunque en realidad no es tan nuevo el nombre. Lo hemos adoptado de este blog en el que hemos seguido (y seguiremos) compartiendo contenidos jur\u00eddicos.\u00a0<\/span><\/p>\n<p align=\"JUSTIFY\"><span style=\"font-size: large\">Os invitamos a que nos le\u00e1is y a que os anim\u00e9is a lanzarnos preguntas, sugerencias o ideas sobre las que escribir. <\/span><\/p>\n<p align=\"JUSTIFY\"><span style=\"font-size: large\">Que nunca nada escrito funcion\u00f3 sin la colaboraci\u00f3n y la complicidad con los lectores.<\/span><\/p>\n<p align=\"JUSTIFY\"><span style=\"font-size: large\">Nos leemos este lunes. <\/span><\/p>\n<p align=\"JUSTIFY\">(La foto fue publicada en el diario El Comercio el 27 de julio de 2014 cuando hablamos de nuestro 20 aniversario).<\/p>\n<p align=\"JUSTIFY\">\n<p align=\"JUSTIFY\">Tambi\u00e9n tenemos m\u00e1s contenido jur\u00eddico en nuestra Web y nuestras redes sociales:<\/p>\n<p align=\"JUSTIFY\"><a href=\"http:\/\/www.cuervoalfageme.es\" rel=\"external nofollow\">Nuestra Web<\/a><\/p>\n<p align=\"JUSTIFY\"><a href=\"https:\/\/www.facebook.com\/cuervoalfageme.abogados\" rel=\"external nofollow\">Facebook<\/a><\/p>\n<p align=\"JUSTIFY\"><a href=\"https:\/\/twitter.com\/CuervoAlfageme?lang=es\" rel=\"external nofollow\">Twitter<\/a><\/p>\n<p align=\"JUSTIFY\">Instagram: @cuervoyalfagemeabogados<\/p>\n<p align=\"JUSTIFY\"><a href=\"https:\/\/www.youtube.com\/channel\/UCoov7b79vvn_-nenc3lP1-A\" rel=\"external nofollow\">Canal de Youtube<\/a><\/p>\n<!-- AddThis Advanced Settings generic via filter on the_content --><!-- AddThis Share Buttons generic via filter on the_content -->","protected":false},"excerpt":{"rendered":"<p>Nunca es tarde para volver. Ni para empezar. Ni para volver a empezar. Y por eso hemos pensado que este \u00faltimo mes del a\u00f1o es un buen momento plantear un nuevo inicio. Para qu\u00e9 esperar a enero, que es un l\u00edo, que luego se nos acumulan todos los grandes prop\u00f3sitos de principios de a\u00f1o. Ahora [&hellip;]<!-- AddThis Advanced Settings generic via filter on get_the_excerpt --><!-- AddThis Share Buttons generic via filter on get_the_excerpt --><\/p>\n","protected":false},"author":4316,"featured_media":0,"comment_status":"open","ping_status":"open","sticky":false,"template":"","format":"standard","meta":[],"categories":[1],"tags":[],"_links":{"self":[{"href":"https:\/\/blogs.elcomercio.es\/cuervoalfageme\/wp-json\/wp\/v2\/posts\/2037"}],"collection":[{"href":"https:\/\/blogs.elcomercio.es\/cuervoalfageme\/wp-json\/wp\/v2\/posts"}],"about":[{"href":"https:\/\/blogs.elcomercio.es\/cuervoalfageme\/wp-json\/wp\/v2\/types\/post"}],"author":[{"embeddable":true,"href":"https:\/\/blogs.elcomercio.es\/cuervoalfageme\/wp-json\/wp\/v2\/users\/4316"}],"replies":[{"embeddable":true,"href":"https:\/\/blogs.elcomercio.es\/cuervoalfageme\/wp-json\/wp\/v2\/comments?post=2037"}],"version-history":[{"count":2,"href":"https:\/\/blogs.elcomercio.es\/cuervoalfageme\/wp-json\/wp\/v2\/posts\/2037\/revisions"}],"predecessor-version":[{"id":2040,"href":"https:\/\/blogs.elcomercio.es\/cuervoalfageme\/wp-json\/wp\/v2\/posts\/2037\/revisions\/2040"}],"wp:attachment":[{"href":"https:\/\/blogs.elcomercio.es\/cuervoalfageme\/wp-json\/wp\/v2\/media?parent=2037"}],"wp:term":[{"taxonomy":"category","embeddable":true,"href":"https:\/\/blogs.elcomercio.es\/cuervoalfageme\/wp-json\/wp\/v2\/categories?post=2037"},{"taxonomy":"post_tag","embeddable":true,"href":"https:\/\/blogs.elcomercio.es\/cuervoalfageme\/wp-json\/wp\/v2\/tags?post=2037"}],"curies":[{"name":"wp","href":"https:\/\/api.w.org\/{rel}","templated":true}]}}