{"id":2179,"date":"2019-03-19T15:06:48","date_gmt":"2019-03-19T14:06:48","guid":{"rendered":"https:\/\/blogs.elcomercio.es\/cuervoalfageme\/?p=2179"},"modified":"2019-03-19T15:06:48","modified_gmt":"2019-03-19T14:06:48","slug":"cuando-la-tradicion-deja-de-tener-sentido","status":"publish","type":"post","link":"https:\/\/blogs.elcomercio.es\/cuervoalfageme\/2019\/03\/19\/cuando-la-tradicion-deja-de-tener-sentido\/","title":{"rendered":"Cuando la tradici\u00f3n deja de tener sentido"},"content":{"rendered":"<p><a href=\"https:\/\/static-blogs.elcomercio.es\/wp-content\/uploads\/sites\/3\/2019\/03\/Blog-2.jpg\"><img loading=\"lazy\" class=\"alignnone size-full wp-image-2180\" src=\"https:\/\/static-blogs.elcomercio.es\/wp-content\/uploads\/sites\/3\/2019\/03\/Blog-2.jpg\" alt=\"blog\" width=\"960\" height=\"401\" srcset=\"https:\/\/static-blogs.elcomercio.es\/wp-content\/uploads\/sites\/3\/2019\/03\/Blog-2.jpg 960w, https:\/\/static-blogs.elcomercio.es\/wp-content\/uploads\/sites\/3\/2019\/03\/Blog-2-300x125.jpg 300w, https:\/\/static-blogs.elcomercio.es\/wp-content\/uploads\/sites\/3\/2019\/03\/Blog-2-768x321.jpg 768w\" sizes=\"(max-width: 960px) 100vw, 960px\" \/><\/a><\/p>\n<p>&nbsp;<\/p>\n<p><span style=\"font-size: large\"><b>Los tribunales y el Toro de la Vega.<\/b><\/span><\/p>\n<p>&nbsp;<\/p>\n<p align=\"JUSTIFY\"><span style=\"font-size: large\">Sin duda Tordesillas es mucho m\u00e1s que la \u201cfiesta\u201d del Toro de la Vega. Pero durante a\u00f1os y a\u00f1os, los que tenemos una cierta sensibilidad animalista no pod\u00edamos dejar de pasar por ese lugar sin tener sentimientos encontrados. Tambi\u00e9n durante a\u00f1os y a\u00f1os, la lucha entre la defensa de la tradici\u00f3n y la defensa de los derechos de los animales dej\u00f3 m\u00faltiples episodios y enfrentamientos sin que nada pudiera cambiarse hasta mayo de 2016.<\/span><\/p>\n<p align=\"JUSTIFY\"><span style=\"font-size: large\">En esa fecha un Decreto Ley del Gobierno de Castilla y Le\u00f3n prohib\u00eda por fin la muerte del animal. Hasta ese momento, el Toro de la Vega era alanceado hasta su muerte por los campos de localidad hasta llegar a las orillas del r\u00edo Duero.<\/span><\/p>\n<p align=\"JUSTIFY\"><span style=\"font-size: large\">Desde entonces se aplica esta norma y, por tanto, no se han matado m\u00e1s toros en ese festejo de esa manera, a nuestros ojos, tan cruel. No obstante, la batalla legal y judicial no finaliz\u00f3 ah\u00ed. Ese tan solo fue el punto de partida para que el Ayuntamiento de Tordesillas iniciara una serie de reclamaciones judiciales cuyo fin era conseguir la anulaci\u00f3n del Decreto Ley y la recuperaci\u00f3n de la fiesta tal cual se ven\u00eda celebrando desde tiempos medievales.<\/span><\/p>\n<p align=\"JUSTIFY\"><span style=\"font-size: large\">Entre sus argumentos estaban, y est\u00e1n porque se siguen manteniendo, que con la eliminaci\u00f3n de la muerte del toro alanceado se elimina la esencia del rito popular que da origen a las corridas, que acuden 40.000 aficionados frente a 100 animalistas, que la muerte del toro no atenta realmente contra su dignidad sino que la incrementa&#8230; adem\u00e1s obviamente del componente econ\u00f3mico que siempre conlleva uno de estos eventos y que al final es la clave para entender muchos de ellos.<\/span><\/p>\n<p align=\"JUSTIFY\"><span style=\"font-size: large\">Los giros judiciales dieron lugar el 30 de abril de 2018 a una sentencia del Tribunal Superior de Justicia de Castilla y Le\u00f3n que finalmente mantiene el Decreto Ley y cuya respuesta a estos argumentos del Ayuntamiento de Tordesillas es tan buena que nos vamos a limitar a reproducirla:<\/span><\/p>\n<p align=\"JUSTIFY\">\u201c<span style=\"font-size: large\"><span style=\"font-size: medium\">Y, por otro lado, la tradici\u00f3n sin m\u00e1s no es un argumento para justificar la persistencia de determinados ritos que la sensibilidad social actual puede rechazar. No hace falta citar aqu\u00ed tradiciones de tiempos pasados cuya admisi\u00f3n ahora resulta impensable. Tampoco la asistencia de un mayor o menor n\u00famero de visitantes al festejo, sean partidarios o detractores, puede justificar que se pueda considerar inconstitucional el Decreto-ley 2\/2016. No puede desconocerse que el Tratado de Funcionamiento de la Uni\u00f3n Europea considera a los animales seres sensibles y que en Espa\u00f1a por unanimidad se ha aprobado una proposici\u00f3n de ley para modificar el C\u00f3digo civil, la Ley Hipotecaria y la LEC para eliminar la cosificaci\u00f3n jur\u00eddica de los animales y que sean considerados como seres vivos dotados de sensibilidad, lo que evidencia que existe un cambio social sobre el tratamiento que han de recibir los animales, que se traduce en normas jur\u00eddicas incompatibles con algunas tradiciones<\/span>\u201d.<\/span><\/p>\n<p align=\"JUSTIFY\"><span style=\"font-size: large\">Efectivamente el concepto de la \u201ctradici\u00f3n\u201d por s\u00ed misma no puede sustentar que se mantengan determinados \u201cfestejos\u201d o rituales que son propios de un tiempo pasado. La sociedad cambia, la sensibilidad cambia, el mundo cambia y no solo en materia de animales. Podr\u00edamos poner multitud de ejemplos que antes eran castigados, perseguidos o no considerados por las normas y que hoy en d\u00eda nos repugnar\u00edan porque, evidentemente, hemos avanzado, y mucho, en infinidad de aspectos. En materia de protecci\u00f3n de animales a\u00fan nos queda mucho, sin embargo.<\/span><\/p>\n<p align=\"JUSTIFY\"><span style=\"font-size: large\">Pero sigamos con la historia del Ayuntamiento de Tordesillas&#8230; Evidentemente no fue de su agrado esta sentencia y decidieron continuar con su batalla judicial para que el Decreto ley fuera declarado inconstitucional pero en el camino han tropezado con el Tribunal Supremo.<\/span><\/p>\n<p align=\"JUSTIFY\"><span style=\"font-size: large\">En una providencia del pasado diciembre pero que se ha dado a conocer ahora, el Supremo establece que no hay inter\u00e9s casacional en el recurso del Ayuntamiento porque en la sentencia que se recurre queda suficientemente clara la improcedencia de la cuesti\u00f3n de inconstitucionalidad, entre otros motivos.<\/span><\/p>\n<p align=\"JUSTIFY\"><span style=\"font-size: large\">Y con esto fin del asunto judicial porque no caben m\u00e1s recursos.<\/span><\/p>\n<p align=\"JUSTIFY\"><span style=\"font-size: large\">\u00bfEs tambi\u00e9n el fin definitivo del Toro de la Vega? Queremos creer que s\u00ed, pero el Ayuntamiento ha anunciado que encargar\u00e1 nuevos informes para comprobar si existen otros caminos jur\u00eddicos que hagan renacer el antiguo festejo tal cual se llevaba a cabo.<\/span><\/p>\n<p align=\"JUSTIFY\"><span style=\"font-size: large\">Desde luego, volver atr\u00e1s se nos hace ahora impensable m\u00e1s que nada porque seguimos creyendo que Tordesillas es mucho m\u00e1s que el Toro de la Vega y flaco favor est\u00e1n haciendo a esta idea los que insisten una y otra vez en mantenerlo.<\/span><\/p>\n<p align=\"JUSTIFY\">\n<p align=\"JUSTIFY\">\n<p align=\"JUSTIFY\"><span style=\"font-size: large\">M\u00e1s contenidos jur\u00eddicos en nuestras redes sociales y en nuestra\u00a0<\/span><a href=\"http:\/\/www.cuervoalfageme.com\" rel=\"external nofollow\">Web<\/a>\u00a0:<\/p>\n<p><a href=\"https:\/\/www.facebook.com\/cuervoalfageme.abogados\" rel=\"external nofollow\">Facebook<\/a><\/p>\n<p><a href=\"https:\/\/twitter.com\/CuervoAlfageme?lang=es\" rel=\"external nofollow\">Twitter<\/a><\/p>\n<p><a href=\"https:\/\/www.youtube.com\/channel\/UCoov7b79vvn_-nenc3lP1-A\" rel=\"external nofollow\">Canal de Youtube<\/a><\/p>\n<p>Instagram: @cuervoalfageme<\/p>\n<p>&nbsp;<\/p>\n<p>&nbsp;<\/p>\n<!-- AddThis Advanced Settings generic via filter on the_content --><!-- AddThis Share Buttons generic via filter on the_content -->","protected":false},"excerpt":{"rendered":"<p>&nbsp; Los tribunales y el Toro de la Vega. &nbsp; Sin duda Tordesillas es mucho m\u00e1s que la \u201cfiesta\u201d del Toro de la Vega. Pero durante a\u00f1os y a\u00f1os, los que tenemos una cierta sensibilidad animalista no pod\u00edamos dejar de pasar por ese lugar sin tener sentimientos encontrados. Tambi\u00e9n durante a\u00f1os y a\u00f1os, la lucha [&hellip;]<!-- AddThis Advanced Settings generic via filter on get_the_excerpt --><!-- AddThis Share Buttons generic via filter on get_the_excerpt --><\/p>\n","protected":false},"author":4316,"featured_media":0,"comment_status":"open","ping_status":"open","sticky":false,"template":"","format":"standard","meta":[],"categories":[1],"tags":[],"_links":{"self":[{"href":"https:\/\/blogs.elcomercio.es\/cuervoalfageme\/wp-json\/wp\/v2\/posts\/2179"}],"collection":[{"href":"https:\/\/blogs.elcomercio.es\/cuervoalfageme\/wp-json\/wp\/v2\/posts"}],"about":[{"href":"https:\/\/blogs.elcomercio.es\/cuervoalfageme\/wp-json\/wp\/v2\/types\/post"}],"author":[{"embeddable":true,"href":"https:\/\/blogs.elcomercio.es\/cuervoalfageme\/wp-json\/wp\/v2\/users\/4316"}],"replies":[{"embeddable":true,"href":"https:\/\/blogs.elcomercio.es\/cuervoalfageme\/wp-json\/wp\/v2\/comments?post=2179"}],"version-history":[{"count":2,"href":"https:\/\/blogs.elcomercio.es\/cuervoalfageme\/wp-json\/wp\/v2\/posts\/2179\/revisions"}],"predecessor-version":[{"id":2182,"href":"https:\/\/blogs.elcomercio.es\/cuervoalfageme\/wp-json\/wp\/v2\/posts\/2179\/revisions\/2182"}],"wp:attachment":[{"href":"https:\/\/blogs.elcomercio.es\/cuervoalfageme\/wp-json\/wp\/v2\/media?parent=2179"}],"wp:term":[{"taxonomy":"category","embeddable":true,"href":"https:\/\/blogs.elcomercio.es\/cuervoalfageme\/wp-json\/wp\/v2\/categories?post=2179"},{"taxonomy":"post_tag","embeddable":true,"href":"https:\/\/blogs.elcomercio.es\/cuervoalfageme\/wp-json\/wp\/v2\/tags?post=2179"}],"curies":[{"name":"wp","href":"https:\/\/api.w.org\/{rel}","templated":true}]}}