{"id":2260,"date":"2019-06-11T14:00:30","date_gmt":"2019-06-11T12:00:30","guid":{"rendered":"https:\/\/blogs.elcomercio.es\/cuervoalfageme\/?p=2260"},"modified":"2019-06-11T14:00:30","modified_gmt":"2019-06-11T12:00:30","slug":"delitos-al-volante","status":"publish","type":"post","link":"https:\/\/blogs.elcomercio.es\/cuervoalfageme\/2019\/06\/11\/delitos-al-volante\/","title":{"rendered":"Delitos al volante"},"content":{"rendered":"<p><a href=\"https:\/\/static-blogs.elcomercio.es\/wp-content\/uploads\/sites\/3\/2019\/06\/Blog-rana-coche.jpg\"><img loading=\"lazy\" class=\"alignnone size-full wp-image-2261\" src=\"https:\/\/static-blogs.elcomercio.es\/wp-content\/uploads\/sites\/3\/2019\/06\/Blog-rana-coche.jpg\" alt=\"blog-rana-coche\" width=\"960\" height=\"585\" srcset=\"https:\/\/static-blogs.elcomercio.es\/wp-content\/uploads\/sites\/3\/2019\/06\/Blog-rana-coche.jpg 960w, https:\/\/static-blogs.elcomercio.es\/wp-content\/uploads\/sites\/3\/2019\/06\/Blog-rana-coche-300x183.jpg 300w, https:\/\/static-blogs.elcomercio.es\/wp-content\/uploads\/sites\/3\/2019\/06\/Blog-rana-coche-768x468.jpg 768w\" sizes=\"(max-width: 960px) 100vw, 960px\" \/><\/a><\/p>\n<p align=\"JUSTIFY\"><span style=\"font-size: large\">Las cifras de fallecidos en carretera cada vez son m\u00e1s alarmantes. Tambi\u00e9n lo son los v\u00eddeos de ciertas infracciones grabados por la guardia civil de tr\u00e1fico que en ocasiones nos resultan completamente incre\u00edbles. Y a todo esto hay que a\u00f1adir esos casos en los que se suman ambos aspectos con un nombre famoso implicado, tal y como ha ocurrido en los \u00faltimos d\u00edas. Entonces todos, los medios de comunicaci\u00f3n y los que no lo somos, prestamos atenci\u00f3n especial a esa noticia y opinamos sobre lo terrible que resulta que alguien pueda conducir a una velocidad desmesurada o bajo cualquier otra circunstancia que pueda llegar hasta el punto de perder la propia vida u ocasionar que otros la pierdan.<\/span><\/p>\n<p align=\"JUSTIFY\"><span style=\"font-size: large\">Estos hechos no pasan desapercibidos para nuestro ordenamiento. Hay normas muy claras que regulan todas las cuestiones de circulaci\u00f3n por carretera, que imponen obligaciones a todos los usuarios de las v\u00edas y que, en caso de incumplimiento, establecen importantes sanciones que se traducen en multas econ\u00f3micas y detracci\u00f3n de puntos o incluso en la imposici\u00f3n de penas de prisi\u00f3n en los casos m\u00e1s graves que se califican ya como delitos.<\/span><\/p>\n<p align=\"JUSTIFY\"><span style=\"font-size: large\">Vamos a pararnos esta vez en estos supuestos, es decir, en esos hechos que nuestro C\u00f3digo Penal tipifica como aut\u00e9nticos delitos y que cometemos cuando conducimos un veh\u00edculo. Son varios as\u00ed que, lejos de hacer una enumeraci\u00f3n y descripci\u00f3n exhaustiva, vamos a mencionar todos aquellos que son, desgraciadamente, m\u00e1s habituales: <\/span><\/p>\n<ul>\n<li>\n<p align=\"JUSTIFY\"><span style=\"font-size: large\">Conducir con velocidad excesiva: superando la permitida legalmente en sesenta kil\u00f3metros hora en v\u00eda urbana o en ochenta kil\u00f3metros hora en v\u00eda interurbana.<\/span><\/p>\n<\/li>\n<li>\n<p align=\"JUSTIFY\"><span style=\"font-size: large\">Conducir bajo los efectos de las drogas o del alcohol. En este \u00faltimo caso siempre es delito si se conduce con una tasa de alcohol en aire espirado superior a 0,60 miligramos por litro o con una tasa de alcohol en sangre superior a 1,2 gramos por litro.<\/span><\/p>\n<\/li>\n<li>\n<p align=\"JUSTIFY\"><span style=\"font-size: large\">Conducir con temeridad manifiesta o con manifiesto desprecio por la vida de los dem\u00e1s. <\/span><\/p>\n<\/li>\n<li>\n<p align=\"JUSTIFY\"><span style=\"font-size: large\">Abandonar voluntariamente el lugar del accidente sin que concurra riesgo propio o de terceros. Este delito adem\u00e1s ha sido recientemente modificado a fin de agravar las penas que lleva aparejadas cuando el abandono del lugar se produce por quien ocasion\u00f3 el accidente y se ocasiona el fallecimiento o lesiones de las personas implicadas.<\/span><\/p>\n<\/li>\n<li>\n<p align=\"JUSTIFY\"><span style=\"font-size: large\">La negativa a someterse a las pruebas para la comprobaci\u00f3n de las tasas de alcoholemia o presencia de drogas.<\/span><\/p>\n<\/li>\n<li>\n<p align=\"JUSTIFY\"><span style=\"font-size: large\">Conducir cuando se ha perdido la vigencia del permiso por la p\u00e9rdida total de puntos o por privaci\u00f3n cautelar o definitiva por decisi\u00f3n judicial o conducir sin haber obtenido el permiso.<\/span><\/p>\n<\/li>\n<li>\n<p align=\"JUSTIFY\"><span style=\"font-size: large\">Adem\u00e1s causar lesiones o la muerte a otras personas pueden dar lugar a un delito de homicidio o de lesiones imprudente.<\/span><\/p>\n<\/li>\n<\/ul>\n<p align=\"JUSTIFY\"><span style=\"font-size: large\">Las penas en estos casos son importantes: prisi\u00f3n, p\u00e9rdida del permiso de conducir, multas, trabajos en beneficio de la comunidad&#8230; adem\u00e1s de las responsabilidades civiles que tambi\u00e9n se generan y que pueden alcanzar cifras altas en los supuestos m\u00e1s graves en los que ya se han producido muertes o lesiones.<\/span><\/p>\n<p align=\"JUSTIFY\"><span style=\"font-size: large\">Por todo ello, la conclusi\u00f3n es clara: conducir un veh\u00edculo es un acto muy importante de responsabilidad que no debemos obviar cada segundo que nos ponemos al frente de uno. Como decimos en muchas ocasiones&#8230; un veh\u00edculo puede convertirse en una aut\u00e9ntica m\u00e1quina de matar. No perder de vista este aspecto y nuestras obligaciones es fundamental, no para que no nos sancionen, que tambi\u00e9n, sino para evitar da\u00f1os personales y materiales propios y ajenos.<\/span><\/p>\n<p align=\"JUSTIFY\">\n<p align=\"JUSTIFY\">M\u00e1s contenidos jur\u00eddicos en nuestras redes sociales y en nuestra\u00a0<a href=\"http:\/\/www.cuervoalfageme.com\/\" rel=\"external nofollow\">Web<\/a>\u00a0:<\/p>\n<p><a href=\"https:\/\/www.facebook.com\/cuervoalfageme.abogados\" rel=\"external nofollow\">Facebook<\/a><\/p>\n<p><a href=\"https:\/\/twitter.com\/CuervoAlfageme?lang=es\" rel=\"external nofollow\">Twitter<\/a><\/p>\n<p><a href=\"https:\/\/www.youtube.com\/channel\/UCoov7b79vvn_-nenc3lP1-A\" rel=\"external nofollow\">Canal de Youtube<\/a><\/p>\n<p>Instagram: @cuervoalfageme<\/p>\n<!-- AddThis Advanced Settings generic via filter on the_content --><!-- AddThis Share Buttons generic via filter on the_content -->","protected":false},"excerpt":{"rendered":"<p>Las cifras de fallecidos en carretera cada vez son m\u00e1s alarmantes. Tambi\u00e9n lo son los v\u00eddeos de ciertas infracciones grabados por la guardia civil de tr\u00e1fico que en ocasiones nos resultan completamente incre\u00edbles. Y a todo esto hay que a\u00f1adir esos casos en los que se suman ambos aspectos con un nombre famoso implicado, tal [&hellip;]<!-- AddThis Advanced Settings generic via filter on get_the_excerpt --><!-- AddThis Share Buttons generic via filter on get_the_excerpt --><\/p>\n","protected":false},"author":4316,"featured_media":0,"comment_status":"open","ping_status":"open","sticky":false,"template":"","format":"standard","meta":[],"categories":[1],"tags":[],"_links":{"self":[{"href":"https:\/\/blogs.elcomercio.es\/cuervoalfageme\/wp-json\/wp\/v2\/posts\/2260"}],"collection":[{"href":"https:\/\/blogs.elcomercio.es\/cuervoalfageme\/wp-json\/wp\/v2\/posts"}],"about":[{"href":"https:\/\/blogs.elcomercio.es\/cuervoalfageme\/wp-json\/wp\/v2\/types\/post"}],"author":[{"embeddable":true,"href":"https:\/\/blogs.elcomercio.es\/cuervoalfageme\/wp-json\/wp\/v2\/users\/4316"}],"replies":[{"embeddable":true,"href":"https:\/\/blogs.elcomercio.es\/cuervoalfageme\/wp-json\/wp\/v2\/comments?post=2260"}],"version-history":[{"count":2,"href":"https:\/\/blogs.elcomercio.es\/cuervoalfageme\/wp-json\/wp\/v2\/posts\/2260\/revisions"}],"predecessor-version":[{"id":2263,"href":"https:\/\/blogs.elcomercio.es\/cuervoalfageme\/wp-json\/wp\/v2\/posts\/2260\/revisions\/2263"}],"wp:attachment":[{"href":"https:\/\/blogs.elcomercio.es\/cuervoalfageme\/wp-json\/wp\/v2\/media?parent=2260"}],"wp:term":[{"taxonomy":"category","embeddable":true,"href":"https:\/\/blogs.elcomercio.es\/cuervoalfageme\/wp-json\/wp\/v2\/categories?post=2260"},{"taxonomy":"post_tag","embeddable":true,"href":"https:\/\/blogs.elcomercio.es\/cuervoalfageme\/wp-json\/wp\/v2\/tags?post=2260"}],"curies":[{"name":"wp","href":"https:\/\/api.w.org\/{rel}","templated":true}]}}