{"id":2706,"date":"2020-02-18T12:30:08","date_gmt":"2020-02-18T11:30:08","guid":{"rendered":"https:\/\/blogs.elcomercio.es\/cuervoalfageme\/?p=2706"},"modified":"2020-02-18T12:30:08","modified_gmt":"2020-02-18T11:30:08","slug":"eutanasia-la-regulacion-actual-la-futura-el-debate","status":"publish","type":"post","link":"https:\/\/blogs.elcomercio.es\/cuervoalfageme\/2020\/02\/18\/eutanasia-la-regulacion-actual-la-futura-el-debate\/","title":{"rendered":"Eutanasia: la regulaci\u00f3n actual, la futura, el debate&#8230;"},"content":{"rendered":"<p align=\"JUSTIFY\"><span style=\"font-size: large\"><a href=\"https:\/\/static-blogs.elcomercio.es\/wp-content\/uploads\/sites\/3\/2020\/02\/Blog-eutanasia-1.jpg\"><img loading=\"lazy\" class=\"alignnone size-full wp-image-2708\" src=\"https:\/\/static-blogs.elcomercio.es\/wp-content\/uploads\/sites\/3\/2020\/02\/Blog-eutanasia-1.jpg\" alt=\"\" width=\"689\" height=\"666\" srcset=\"https:\/\/static-blogs.elcomercio.es\/wp-content\/uploads\/sites\/3\/2020\/02\/Blog-eutanasia-1.jpg 689w, https:\/\/static-blogs.elcomercio.es\/wp-content\/uploads\/sites\/3\/2020\/02\/Blog-eutanasia-1-300x290.jpg 300w\" sizes=\"(max-width: 689px) 100vw, 689px\" \/><\/a><\/span><\/p>\n<p align=\"JUSTIFY\"><span style=\"font-size: large\">Hablar de eutanasia es hablar de una cuesti\u00f3n que tiene implicaciones sociales, econ\u00f3micas, morales, religiosas y, finalmente, legales ya que estas son el cauce que tenemos para regular la penalizaci\u00f3n o la admisi\u00f3n de las conductas relacionadas con las decisiones sobre el t\u00e9rmino de nuestra vida.<\/span><\/p>\n<p align=\"JUSTIFY\"><span style=\"font-size: large\">Que buena parte de la sociedad demanda un cambio en la consideraci\u00f3n normativa de la eutanasia es algo que ya llevamos percibiendo desde hace mucho tiempo y son m\u00faltiples los casos en los que se ha puesto de relieve esta necesidad, as\u00ed que, con independencia de nuestra valoraci\u00f3n personal, desde un punto de vista jur\u00eddico, una renovaci\u00f3n de esta materia es algo necesario.<\/span><\/p>\n<p align=\"JUSTIFY\"><span style=\"font-size: large\">Y para comprender mejor esta conclusi\u00f3n vamos a analizar c\u00f3mo se encuentra ahora regulada esta opci\u00f3n en nuestro derecho y qu\u00e9 se pretende incluir en el futuro.<\/span><\/p>\n<p align=\"JUSTIFY\"><span style=\"font-size: large\">Hoy en d\u00eda la eutanasia est\u00e1 prohibida en nuestro pa\u00eds y penalizada en nuestro C\u00f3digo Penal. El art\u00edculo 143 de esta norma establece que es delito causar o cooperar activamente con actos necesarios y derechos a la muerte de otra persona cuando existe una petici\u00f3n expresa, seria e inequ\u00edvoca de esta y sufre una enfermedad grave que necesariamente conducir\u00eda a su muerte o que le produzca graves padecimientos permanentes y dif\u00edciles de soportar. <\/span><\/p>\n<p align=\"JUSTIFY\"><span style=\"font-size: large\">Si no se cumplieran estos requisitos estar\u00edamos hablando de otro tipo de situaci\u00f3n, distinta de la eutanasia, y, por tanto, de otro tipo de delito: inducci\u00f3n o auxilio al suicido o incluso homicidio, seg\u00fan los casos. Las penas para el supuesto de eutanasia son, al tomarse en cuenta estos aspectos, m\u00e1s bajas (uno o dos grados) que las previstas para las relacionadas con la inducci\u00f3n y auxilio al suicidio y nos mover\u00edamos en las siguientes: hasta dos a\u00f1os de prisi\u00f3n si se coopera a la muerte con actos necesarios y hasta seis a\u00f1os de prisi\u00f3n si la cooperaci\u00f3n llega hasta el punto de ejecutar la muerte. En estos casos, adem\u00e1s, suelen considerarse atenuantes como la de la confesi\u00f3n o el parentesco.<\/span><\/p>\n<p align=\"JUSTIFY\"><span style=\"font-size: large\">En nuestro C\u00f3digo Penal solo se castiga la eutanasia activa, no se castiga la pasiva, que consiste en la no administraci\u00f3n o la suspensi\u00f3n del tratamiento necesario, ni la indirecta, que consiste en la aplicaci\u00f3n de sistemas terap\u00e9uticos de tratamiento del dolor que pueden llegar a acortar la vida.<\/span><\/p>\n<p align=\"JUSTIFY\"><span style=\"font-size: large\">\u00bfHacia d\u00f3nde caminamos? El Congreso ha dado luz verde a la tramitaci\u00f3n de una nueva ley que resulte m\u00e1s permisiva con la eutanasia concebida esta como el derecho a poner fin a la propia vida cuando se padezca un sufrimiento f\u00edsico o ps\u00edquico insoportable y sin esperanzas de curaci\u00f3n y siempre que se decida libremente tras ser detalladamente informado de la situaci\u00f3n y de las posibilidades por m\u00e9dicos responsables. De hecho el texto inicial concreta que podr\u00e1 solicitar la prestaci\u00f3n de ayuda para morir \u201ctoda persona mayor de edad y en plena capacidad de obrar informada y que se encuentre en los supuestos de enfermedad grave e incurable o de enfermedad grave, cr\u00f3nica e invalidante causantes de un sufrimiento f\u00edsico o ps\u00edquico intolerables\u201d.<\/span><\/p>\n<p align=\"JUSTIFY\"><span style=\"font-size: large\">Se exige adem\u00e1s contar con la nacionalidad espa\u00f1ola o residencia en Espa\u00f1a, ser capaz y consciente en el momento de plantear la solicitud (hay que hacer dos por escrito con una diferencia de quince d\u00edas entre ambas), recibir informaci\u00f3n sobre el proceso m\u00e9dico, alternativas posibles y acceso a cuidados paliativos y, finalmente, firmar un consentimiento informado cuando se recibe la ayuda si esta resulta aprobada, en atenci\u00f3n a las circunstancias y si se cumplen todos los requisitos.<\/span><\/p>\n<p align=\"JUSTIFY\"><span style=\"font-size: large\">El paciente puede revocar su decisi\u00f3n en cualquier momento o pedir el aplazamiento.<\/span><\/p>\n<p align=\"JUSTIFY\"><span style=\"font-size: large\">Tambi\u00e9n se regulan requisitos en relaci\u00f3n con los m\u00e9dicos que intervienen en el proceso y sobre c\u00f3mo ha de llevarse a cabo este: el responsable tiene que remitir a un m\u00e9dico consultor los datos del caso, la documentaci\u00f3n y el historial cl\u00ednico. Este elabora un informe sobre si corresponde o no conceder la ayuda a morir que se remite al paciente y a la Comisi\u00f3n de Evaluaci\u00f3n y Control que finalmente tiene que avalar la ayuda. Este proceso se simplifica cuando el paciente se encuentra en riesgo inminente de muerte o de p\u00e9rdida de su capacidad.<\/span><\/p>\n<p align=\"JUSTIFY\"><span style=\"font-size: large\">Si resulta aprobada, \u00bfc\u00f3mo es la ayuda para morir? El proyecto establece que debe hacerse con el m\u00e1ximo cuidado y profesionalidad. El paciente decide la modalidad pudiendo hacerlo en el hospital o en su domicilio. En ambos casos cuenta con el apoyo sanitario necesario hasta el momento del fallecimiento.<\/span><\/p>\n<p align=\"JUSTIFY\"><span style=\"font-size: large\">Todo el proceso se prev\u00e9 en el proyecto que se encuentre incluido en la cartera de servicios comunes del Sistema de Salud con financiaci\u00f3n p\u00fablica, aunque tambi\u00e9n podr\u00e1 ser recibida en centros privados o en el domicilio.<\/span><\/p>\n<p align=\"JUSTIFY\"><span style=\"font-size: large\">Se pretende incluir igualmente el derecho de los profesionales sanitarios a la objeci\u00f3n de conciencia.<\/span><\/p>\n<p align=\"JUSTIFY\"><span style=\"font-size: large\">\u00bfY qu\u00e9 es lo que opina la sociedad? En una encuesta del Centro de Investigaciones Sociol\u00f3gicas se concluye que la mayor parte de la poblaci\u00f3n ofrece como respuesta un s\u00ed cuando se le pregunta si est\u00e1 a favor de regular la eutanasia, concretamente un 58%, mientras tan solo un 10% responde con seguridad en contra. Un 15% defiende una opci\u00f3n intermedia en el sentido de que creen que s\u00ed es necesaria la regulaci\u00f3n pero muestran ciertas dudas.<\/span><\/p>\n<p align=\"JUSTIFY\"><span style=\"font-size: large\">Abierto queda el debate en el que, como dec\u00edamos al principio, el peso ideol\u00f3gico, moral, religioso y econ\u00f3mico pesa tanto como como el meramente jur\u00eddico.<\/span><\/p>\n<p align=\"JUSTIFY\">M\u00e1s contenidos jur\u00eddicos en nuestras redes sociales y en nuestra\u00a0<a href=\"http:\/\/www.cuervoalfageme.com\/\" rel=\"external nofollow\">Web<\/a>\u00a0:<\/p>\n<p><a href=\"https:\/\/www.facebook.com\/cuervoalfageme.abogados\" rel=\"external nofollow\">Facebook<\/a><\/p>\n<p><a href=\"https:\/\/twitter.com\/CuervoAlfageme?lang=es\" rel=\"external nofollow\">Twitter<\/a><\/p>\n<p><a href=\"https:\/\/www.youtube.com\/channel\/UCoov7b79vvn_-nenc3lP1-A\" rel=\"external nofollow\">Canal de Youtube<\/a><\/p>\n<p>Instagram: @cuervoalfageme<\/p>\n<!-- AddThis Advanced Settings generic via filter on the_content --><!-- AddThis Share Buttons generic via filter on the_content -->","protected":false},"excerpt":{"rendered":"<p>Hablar de eutanasia es hablar de una cuesti\u00f3n que tiene implicaciones sociales, econ\u00f3micas, morales, religiosas y, finalmente, legales ya que estas son el cauce que tenemos para regular la penalizaci\u00f3n o la admisi\u00f3n de las conductas relacionadas con las decisiones sobre el t\u00e9rmino de nuestra vida. Que buena parte de la sociedad demanda un cambio [&hellip;]<!-- AddThis Advanced Settings generic via filter on get_the_excerpt --><!-- AddThis Share Buttons generic via filter on get_the_excerpt --><\/p>\n","protected":false},"author":4316,"featured_media":0,"comment_status":"open","ping_status":"open","sticky":false,"template":"","format":"standard","meta":[],"categories":[1],"tags":[70,45,94,56,93,95,97,96,98,99,57],"_links":{"self":[{"href":"https:\/\/blogs.elcomercio.es\/cuervoalfageme\/wp-json\/wp\/v2\/posts\/2706"}],"collection":[{"href":"https:\/\/blogs.elcomercio.es\/cuervoalfageme\/wp-json\/wp\/v2\/posts"}],"about":[{"href":"https:\/\/blogs.elcomercio.es\/cuervoalfageme\/wp-json\/wp\/v2\/types\/post"}],"author":[{"embeddable":true,"href":"https:\/\/blogs.elcomercio.es\/cuervoalfageme\/wp-json\/wp\/v2\/users\/4316"}],"replies":[{"embeddable":true,"href":"https:\/\/blogs.elcomercio.es\/cuervoalfageme\/wp-json\/wp\/v2\/comments?post=2706"}],"version-history":[{"count":2,"href":"https:\/\/blogs.elcomercio.es\/cuervoalfageme\/wp-json\/wp\/v2\/posts\/2706\/revisions"}],"predecessor-version":[{"id":2710,"href":"https:\/\/blogs.elcomercio.es\/cuervoalfageme\/wp-json\/wp\/v2\/posts\/2706\/revisions\/2710"}],"wp:attachment":[{"href":"https:\/\/blogs.elcomercio.es\/cuervoalfageme\/wp-json\/wp\/v2\/media?parent=2706"}],"wp:term":[{"taxonomy":"category","embeddable":true,"href":"https:\/\/blogs.elcomercio.es\/cuervoalfageme\/wp-json\/wp\/v2\/categories?post=2706"},{"taxonomy":"post_tag","embeddable":true,"href":"https:\/\/blogs.elcomercio.es\/cuervoalfageme\/wp-json\/wp\/v2\/tags?post=2706"}],"curies":[{"name":"wp","href":"https:\/\/api.w.org\/{rel}","templated":true}]}}