{"id":2776,"date":"2020-04-13T10:05:04","date_gmt":"2020-04-13T08:05:04","guid":{"rendered":"https:\/\/blogs.elcomercio.es\/cuervoalfageme\/?p=2776"},"modified":"2020-04-13T10:05:04","modified_gmt":"2020-04-13T08:05:04","slug":"covid-19-ayudas-para-los-empleados-de-hogar","status":"publish","type":"post","link":"https:\/\/blogs.elcomercio.es\/cuervoalfageme\/2020\/04\/13\/covid-19-ayudas-para-los-empleados-de-hogar\/","title":{"rendered":"Covid 19 &#8211; Ayudas para los empleados de hogar"},"content":{"rendered":"<p><a href=\"https:\/\/static-blogs.elcomercio.es\/wp-content\/uploads\/sites\/3\/2020\/04\/Blog.jpg\"><img loading=\"lazy\" class=\"alignnone size-full wp-image-2778\" src=\"https:\/\/static-blogs.elcomercio.es\/wp-content\/uploads\/sites\/3\/2020\/04\/Blog.jpg\" alt=\"\" width=\"955\" height=\"632\" srcset=\"https:\/\/static-blogs.elcomercio.es\/wp-content\/uploads\/sites\/3\/2020\/04\/Blog.jpg 955w, https:\/\/static-blogs.elcomercio.es\/wp-content\/uploads\/sites\/3\/2020\/04\/Blog-300x199.jpg 300w, https:\/\/static-blogs.elcomercio.es\/wp-content\/uploads\/sites\/3\/2020\/04\/Blog-768x508.jpg 768w\" sizes=\"(max-width: 955px) 100vw, 955px\" \/><\/a><\/p>\n<p>Desde el 14 de marzo, fecha de inicio del estado de alarma, han sido muchas las medidas que se han ido adoptando para paliar alguno de los efectos que la paralizaci\u00f3n de la econom\u00eda esta provocando en los diferentes sectores. Y uno de los m\u00e1s desprotegidos legalmente desde siempre ha sido y sigue siendo el de los empleados de hogar.<\/p>\n<p>Algunos trabajan para un solo domicilio y cuentan con un solo empleador. Una parte de estos han podido mantener su trabajo durante estas semanas de confinamiento. Pero un gran n\u00famero trabajan en diversos domicilios, con diferentes empleadores, lo que agranda el riesgo de contagio y, por ese u otros motivos (tambi\u00e9n el descenso de ingresos en muchas familias) han perdido sus trabajos y, en consecuencia, sus salarios. Atendiendo a la sensible situaci\u00f3n econ\u00f3mica de este colectivo, el gobierno ha regulado en el Real Decreto 11\/2020, de 31 de marzo, un subsidio extraordinario por falta de actividad. Vamos a analizarlo:<\/p>\n<p>\u00bfQui\u00e9n puede solicitarlo? Aquellos empleados de hogar que estuvieran dados de alta en el Sistema Especial de Empleados del Hogar antes de la declaraci\u00f3n del estado de alarma, es decir, antes del 14 de marzo.<\/p>\n<p>\u00bfEn qu\u00e9 situaciones se tiene derecho?<\/p>\n<p>1.- Cuando el empleado de hogar haya dejado de prestar sus servicios, total o parcialmente, de forma temporal, con el fin de reducir el riesgo de contagio, por causas ajenas a su voluntad, en uno o varios domicilios y con motivo de la crisis sanitaria del Covid-19. Para acreditar esta situaci\u00f3n es suficiente con aportar una declaraci\u00f3n responsable, firmada por el empleador o empleadores si son varios.<\/p>\n<p>2.- Cuando se haya extinguido su contrato de trabajo por causa de despido o por desistimiento del empleador con motivo de la crisis sanitaria del Covid-19. Esta situaci\u00f3n se acredita con la carta de despido, la comunicaci\u00f3n de desistimiento o la documentaci\u00f3n acreditativa de la baja en la Seguridad Social.<\/p>\n<p>\u00bfEn qu\u00e9 va a consistir ese subsidio? Si se ha producido la p\u00e9rdida total de la actividad, el subsidio consistir\u00e1 en el 70% de la base reguladora. Si la p\u00e9rdida es parcial, el empleado de hogar percibir\u00e1 la parte proporcional correspondiente a esa parte de la jornada. Existe un l\u00edmite m\u00e1ximo, que es el del Salario M\u00ednimo Interprofesional y es compatible con otros ingresos siempre que el total no supere ese l\u00edmite del SMI. No es compatible con el subsidio por incapacidad temporal ni con el permiso retribuido recuperable.<\/p>\n<p>&nbsp;<\/p>\n<p>&nbsp;<\/p>\n<p align=\"JUSTIFY\">M\u00e1s contenidos jur\u00eddicos en nuestras redes sociales y en nuestra\u00a0<a href=\"http:\/\/www.cuervoalfageme.com\/\" rel=\"external nofollow\">Web<\/a>\u00a0:<\/p>\n<p><a href=\"https:\/\/www.facebook.com\/cuervoalfageme.abogados\" rel=\"external nofollow\">Facebook<\/a><\/p>\n<p><a href=\"https:\/\/twitter.com\/CuervoAlfageme?lang=es\" rel=\"external nofollow\">Twitter<\/a><\/p>\n<p><a href=\"https:\/\/www.youtube.com\/channel\/UCoov7b79vvn_-nenc3lP1-A\" rel=\"external nofollow\">Canal de Youtube<\/a><\/p>\n<p>Instagram: @cuervoalfageme<\/p>\n<!-- AddThis Advanced Settings generic via filter on the_content --><!-- AddThis Share Buttons generic via filter on the_content -->","protected":false},"excerpt":{"rendered":"<p>Desde el 14 de marzo, fecha de inicio del estado de alarma, han sido muchas las medidas que se han ido adoptando para paliar alguno de los efectos que la paralizaci\u00f3n de la econom\u00eda esta provocando en los diferentes sectores. Y uno de los m\u00e1s desprotegidos legalmente desde siempre ha sido y sigue siendo el [&hellip;]<!-- AddThis Advanced Settings generic via filter on get_the_excerpt --><!-- AddThis Share Buttons generic via filter on get_the_excerpt --><\/p>\n","protected":false},"author":4316,"featured_media":0,"comment_status":"open","ping_status":"open","sticky":false,"template":"","format":"standard","meta":[],"categories":[1],"tags":[],"_links":{"self":[{"href":"https:\/\/blogs.elcomercio.es\/cuervoalfageme\/wp-json\/wp\/v2\/posts\/2776"}],"collection":[{"href":"https:\/\/blogs.elcomercio.es\/cuervoalfageme\/wp-json\/wp\/v2\/posts"}],"about":[{"href":"https:\/\/blogs.elcomercio.es\/cuervoalfageme\/wp-json\/wp\/v2\/types\/post"}],"author":[{"embeddable":true,"href":"https:\/\/blogs.elcomercio.es\/cuervoalfageme\/wp-json\/wp\/v2\/users\/4316"}],"replies":[{"embeddable":true,"href":"https:\/\/blogs.elcomercio.es\/cuervoalfageme\/wp-json\/wp\/v2\/comments?post=2776"}],"version-history":[{"count":3,"href":"https:\/\/blogs.elcomercio.es\/cuervoalfageme\/wp-json\/wp\/v2\/posts\/2776\/revisions"}],"predecessor-version":[{"id":2780,"href":"https:\/\/blogs.elcomercio.es\/cuervoalfageme\/wp-json\/wp\/v2\/posts\/2776\/revisions\/2780"}],"wp:attachment":[{"href":"https:\/\/blogs.elcomercio.es\/cuervoalfageme\/wp-json\/wp\/v2\/media?parent=2776"}],"wp:term":[{"taxonomy":"category","embeddable":true,"href":"https:\/\/blogs.elcomercio.es\/cuervoalfageme\/wp-json\/wp\/v2\/categories?post=2776"},{"taxonomy":"post_tag","embeddable":true,"href":"https:\/\/blogs.elcomercio.es\/cuervoalfageme\/wp-json\/wp\/v2\/tags?post=2776"}],"curies":[{"name":"wp","href":"https:\/\/api.w.org\/{rel}","templated":true}]}}